{"id":203836,"date":"2017-08-21T17:35:32","date_gmt":"2017-08-21T20:35:32","guid":{"rendered":"https:\/\/jundiai.sp.gov.br\/noticias\/?p=203836"},"modified":"2017-08-28T09:15:59","modified_gmt":"2017-08-28T12:15:59","slug":"prefeitura-promove-evento-sobre-prevencao-ao-suicidio","status":"publish","type":"post","link":"https:\/\/jundiai.sp.gov.br\/noticias\/2017\/08\/21\/prefeitura-promove-evento-sobre-prevencao-ao-suicidio\/","title":{"rendered":"Prefeitura promove evento sobre preven\u00e7\u00e3o ao suic\u00eddio"},"content":{"rendered":"<p><strong>No pr\u00f3ximo dia 31 de agosto, a Prefeitura de Jundia\u00ed \u2013 em parceria com o Centro de Valoriza\u00e7\u00e3o da Vida (CVV) e v\u00e1rias outras entidades \u2013 promove o \u201c2\u00ba Encontro de Preven\u00e7\u00e3o ao Suic\u00eddio \u2013 A Epidemia Calada\u201d, que tem como objetivo debater sobre o tema e apresentar depoimentos de pessoas que enfrentaram o problema em suas fam\u00edlias. Estimativas apontam que, no Brasil, um suic\u00eddio \u00e9 cometido a cada 45 minutos.<\/strong><\/p>\n<p>Nesta data, a partir das 18h30, no Teatro Polytheama, o m\u00e9dico psiquiatra e pesquisador Fernando Fernandes comandar\u00e1 uma palestra sobre o tema. Ele \u00e9 coordenador do Programa de Tratamento em Depress\u00e3o e Transtornos do Humor do Instituto de Psiquiatria da USP.<\/p>\n<p><strong>LEIA TAMB\u00c9M<\/strong><br \/>\n<a href=\"https:\/\/jundiai.sp.gov.br\/noticias\/2017\/08\/21\/programa-antitabagismo-completa-10-anos\/\">Programa antitabagismo completa 10 anos<\/a><\/p>\n<p>Al\u00e9m da palestra do especialista, o evento vai contar tamb\u00e9m com depoimentos de S\u00e9rgio Ant\u00f4nio Batista, porta-voz do Centro de Valoriza\u00e7\u00e3o da Vida Regional SP; Maria Cristina De Stefano, m\u00e9dica psiquiatra que perdeu o filho de 34 anos por suic\u00eddio; Helo\u00edsa Helena Cidrin Gama Alves, assessora t\u00e9cnica de gabinete da Secretaria Estadual de Desenvolvimento Social; Clara Magalh\u00e3es, coordenadora t\u00e9cnica da Unidade de Forma\u00e7\u00e3o Inicial e Educa\u00e7\u00e3o Continuada do Centro Paula Souza; Major Hugo Ara\u00fajo Santos e de Alexandre Moreno Sandri, coordenador da Sa\u00fade Mental da Unidade de Gest\u00e3o de Promo\u00e7\u00e3o da Sa\u00fade (UGPS) da Prefeitura de Jundia\u00ed.<\/p>\n<p>Durante o evento, a UGPS far\u00e1 o lan\u00e7amento da Cartilha de Preven\u00e7\u00e3o e Detec\u00e7\u00e3o do Suic\u00eddio. Alguns exemplares ser\u00e3o distribu\u00eddos para os presentes. O evento \u00e9 aberto \u00e0 popula\u00e7\u00e3o.<\/p>\n<p><em><strong>Assessoria de Imprensa<\/strong><\/em><\/p>\n","protected":false},"excerpt":{"rendered":"<p>No pr\u00f3ximo dia 31 de agosto, a Prefeitura de Jundia\u00ed \u2013 em parceria com o Centro de Valoriza\u00e7\u00e3o da Vida (CVV) e v\u00e1rias outras entidades \u2013 promove o \u201c2\u00ba Encontro de Preven\u00e7\u00e3o ao Suic\u00eddio \u2013 A Epidemia Calada\u201d, que tem como objetivo debater sobre o tema e apresentar depoimentos de pessoas que enfrentaram o problema [&hellip;]<\/p>\n","protected":false},"author":30,"featured_media":199967,"comment_status":"closed","ping_status":"closed","sticky":false,"template":"","format":"standard","meta":{"footnotes":""},"categories":[2],"tags":[981,98],"ods":[],"class_list":["post-203836","post","type-post","status-publish","format-standard","has-post-thumbnail","hentry","category-noticias","tag-promocao-da-saude","tag-teatro-polytheama"],"_links":{"self":[{"href":"https:\/\/jundiai.sp.gov.br\/noticias\/wp-json\/wp\/v2\/posts\/203836","targetHints":{"allow":["GET"]}}],"collection":[{"href":"https:\/\/jundiai.sp.gov.br\/noticias\/wp-json\/wp\/v2\/posts"}],"about":[{"href":"https:\/\/jundiai.sp.gov.br\/noticias\/wp-json\/wp\/v2\/types\/post"}],"author":[{"embeddable":true,"href":"https:\/\/jundiai.sp.gov.br\/noticias\/wp-json\/wp\/v2\/users\/30"}],"replies":[{"embeddable":true,"href":"https:\/\/jundiai.sp.gov.br\/noticias\/wp-json\/wp\/v2\/comments?post=203836"}],"version-history":[{"count":3,"href":"https:\/\/jundiai.sp.gov.br\/noticias\/wp-json\/wp\/v2\/posts\/203836\/revisions"}],"predecessor-version":[{"id":204318,"href":"https:\/\/jundiai.sp.gov.br\/noticias\/wp-json\/wp\/v2\/posts\/203836\/revisions\/204318"}],"wp:featuredmedia":[{"embeddable":true,"href":"https:\/\/jundiai.sp.gov.br\/noticias\/wp-json\/wp\/v2\/media\/199967"}],"wp:attachment":[{"href":"https:\/\/jundiai.sp.gov.br\/noticias\/wp-json\/wp\/v2\/media?parent=203836"}],"wp:term":[{"taxonomy":"category","embeddable":true,"href":"https:\/\/jundiai.sp.gov.br\/noticias\/wp-json\/wp\/v2\/categories?post=203836"},{"taxonomy":"post_tag","embeddable":true,"href":"https:\/\/jundiai.sp.gov.br\/noticias\/wp-json\/wp\/v2\/tags?post=203836"},{"taxonomy":"ods","embeddable":true,"href":"https:\/\/jundiai.sp.gov.br\/noticias\/wp-json\/wp\/v2\/ods?post=203836"}],"curies":[{"name":"wp","href":"https:\/\/api.w.org\/{rel}","templated":true}]}}