{"id":204459,"date":"2017-08-29T18:24:07","date_gmt":"2017-08-29T21:24:07","guid":{"rendered":"https:\/\/jundiai.sp.gov.br\/noticias\/?p=204459"},"modified":"2017-08-29T18:24:07","modified_gmt":"2017-08-29T21:24:07","slug":"jogo-da-baleia-azul-e-serie-13-reasons-why-serao-tratados-em-seminario","status":"publish","type":"post","link":"https:\/\/jundiai.sp.gov.br\/noticias\/2017\/08\/29\/jogo-da-baleia-azul-e-serie-13-reasons-why-serao-tratados-em-seminario\/","title":{"rendered":"Jogo da Baleia Azul e s\u00e9rie \u201813 Reasons Why\u2019 ser\u00e3o tratados em semin\u00e1rio"},"content":{"rendered":"<p><strong>O jogo da Baleia Azul e o seriado \u201c13 Reasons Why\u201d trouxeram o debate do suic\u00eddio definitivamente \u00e0 esfera jovem. \u00c9 o que diz o m\u00e9dico psiquiatra Fernando Fernandes, que atua como pesquisador do Programa de Transtornos do Humor da USP (Universidade de S\u00e3o Paulo).<\/strong><\/p>\n<p>Nesta quinta-feira (31), ele abordar\u00e1 o alerta gerado pelo jogo e pelo seriado norte-americano em sua palestra no 2\u00ba Encontro de Valoriza\u00e7\u00e3o da Vida \u2013 Suic\u00eddio, Epidemia Calada, a partir das 18h30, no Teatro Polytheama. A entrada \u00e9 gratuita.<\/p>\n<p><a href=\"https:\/\/docs.google.com\/forms\/d\/e\/1FAIpQLSddFkMADSYov8-visDjbgKLRPYCsyMnQrZYidnd17TMGcC-Uw\/viewform\" target=\"_blank\" rel=\"noopener noreferrer\">FA\u00c7A AQUI SUA INSCRI\u00c7\u00c3O PARA O 2\u00ba ENCONTRO<\/a><\/p>\n<p>O jogo da Baleia Azul \u00e9 uma disputa feita na internet que prop\u00f5e desafios macabros aos adolescentes, como bater fotos assistindo a filmes de terror, automutilar-se e, na etapa final, cometer suic\u00eddio. J\u00e1 o seriado \u201c13 Reasons Why\u201d apresenta a hist\u00f3ria de uma estudante que decidiu tirar a pr\u00f3pria vida.<\/p>\n<p><strong>LEIA TAMB\u00c9M<\/strong><br \/>\n<a href=\"https:\/\/jundiai.sp.gov.br\/noticias\/2017\/08\/28\/cartilha-de-prevencao-ao-suicidio-e-lancada-em-evento\/\" target=\"_blank\">Cartilha de preven\u00e7\u00e3o ao suic\u00eddio \u00e9 lan\u00e7ada em evento<\/a><\/p>\n<p>\u201cO que eu quero discutir n\u00e3o \u00e9 jogo da Baleia Azul, mas, sobretudo, o que leva as crian\u00e7as e jovens a procurarem por ele\u201d, informa o m\u00e9dico, que falar\u00e1 justamente do interesse m\u00f3rbido dos jovens. \u201cA discuss\u00e3o em torno desse jogo e do seriado fez com que o tema do suic\u00eddio viesse \u00e0 tona de uma forma nunca antes vista.\u201d Fernando diz que o jovem \u00e9 naturalmente desafiador e busca um limite. \u201cMas essa gera\u00e7\u00e3o n\u00e3o est\u00e1 encontrando um limite facilmente\u201d.<\/p>\n<p>Tamb\u00e9m estar\u00e1 no 2\u00ba Encontro de Valoriza\u00e7\u00e3o da Vida o psic\u00f3logo e mestre em psicologia cl\u00ednica Alexandre Moreno Sandri, que apresentar\u00e1 a Cartilha de Preven\u00e7\u00e3o ao Suic\u00eddio. Em seguida, ser\u00e3o feitos relatos do coordenador regional do CVV, S\u00e9rgio Ant\u00f4nio Batista, sobre as situa\u00e7\u00f5es enfrentadas; da professora Clara Magalh\u00e3es, do Centro Paula Souza, sobre a vulnerabilidade de internos da Funda\u00e7\u00e3o Casa; da jornalista Helo\u00edsa Gama Alves, assessora da Secretaria de Desenvolvimento Social do Governo de S\u00e3o Paulo, que vai falar sobre o desamparo vivido pelo grupo LGBT; da psiquiatra Maria Cristina Ramos Stefano, autora do livro \u201cSuic\u00eddio: Epidemia Calada\u201d; e do major Hugo Ara\u00fajo dos Santos, que abordar\u00e1 a negocia\u00e7\u00e3o em ocorr\u00eancias policiais com suicidas.<\/p>\n<p><em><strong>Assessoria de Imprensa \u2013 TVTEC<\/strong><\/em><\/p>\n","protected":false},"excerpt":{"rendered":"<p>O jogo da Baleia Azul e o seriado \u201c13 Reasons Why\u201d trouxeram o debate do suic\u00eddio definitivamente \u00e0 esfera jovem. \u00c9 o que diz o m\u00e9dico psiquiatra Fernando Fernandes, que atua como pesquisador do Programa de Transtornos do Humor da USP (Universidade de S\u00e3o Paulo). Nesta quinta-feira (31), ele abordar\u00e1 o alerta gerado pelo jogo [&hellip;]<\/p>\n","protected":false},"author":30,"featured_media":204461,"comment_status":"closed","ping_status":"closed","sticky":false,"template":"","format":"standard","meta":{"footnotes":""},"categories":[2],"tags":[98,72,1035],"ods":[],"class_list":["post-204459","post","type-post","status-publish","format-standard","has-post-thumbnail","hentry","category-noticias","tag-teatro-polytheama","tag-tve-jundiai","tag-tvtec"],"_links":{"self":[{"href":"https:\/\/jundiai.sp.gov.br\/noticias\/wp-json\/wp\/v2\/posts\/204459","targetHints":{"allow":["GET"]}}],"collection":[{"href":"https:\/\/jundiai.sp.gov.br\/noticias\/wp-json\/wp\/v2\/posts"}],"about":[{"href":"https:\/\/jundiai.sp.gov.br\/noticias\/wp-json\/wp\/v2\/types\/post"}],"author":[{"embeddable":true,"href":"https:\/\/jundiai.sp.gov.br\/noticias\/wp-json\/wp\/v2\/users\/30"}],"replies":[{"embeddable":true,"href":"https:\/\/jundiai.sp.gov.br\/noticias\/wp-json\/wp\/v2\/comments?post=204459"}],"version-history":[{"count":3,"href":"https:\/\/jundiai.sp.gov.br\/noticias\/wp-json\/wp\/v2\/posts\/204459\/revisions"}],"predecessor-version":[{"id":204463,"href":"https:\/\/jundiai.sp.gov.br\/noticias\/wp-json\/wp\/v2\/posts\/204459\/revisions\/204463"}],"wp:featuredmedia":[{"embeddable":true,"href":"https:\/\/jundiai.sp.gov.br\/noticias\/wp-json\/wp\/v2\/media\/204461"}],"wp:attachment":[{"href":"https:\/\/jundiai.sp.gov.br\/noticias\/wp-json\/wp\/v2\/media?parent=204459"}],"wp:term":[{"taxonomy":"category","embeddable":true,"href":"https:\/\/jundiai.sp.gov.br\/noticias\/wp-json\/wp\/v2\/categories?post=204459"},{"taxonomy":"post_tag","embeddable":true,"href":"https:\/\/jundiai.sp.gov.br\/noticias\/wp-json\/wp\/v2\/tags?post=204459"},{"taxonomy":"ods","embeddable":true,"href":"https:\/\/jundiai.sp.gov.br\/noticias\/wp-json\/wp\/v2\/ods?post=204459"}],"curies":[{"name":"wp","href":"https:\/\/api.w.org\/{rel}","templated":true}]}}