{"id":204673,"date":"2017-08-31T19:02:22","date_gmt":"2017-08-31T22:02:22","guid":{"rendered":"https:\/\/jundiai.sp.gov.br\/noticias\/?p=204673"},"modified":"2017-08-31T19:02:22","modified_gmt":"2017-08-31T22:02:22","slug":"prefeitura-promulga-lei-em-favor-do-iac","status":"publish","type":"post","link":"https:\/\/jundiai.sp.gov.br\/noticias\/2017\/08\/31\/prefeitura-promulga-lei-em-favor-do-iac\/","title":{"rendered":"Prefeitura promulga lei em favor do IAC"},"content":{"rendered":"<p><strong>O Projeto de Lei (PL) 8.827\/2016, que veda procedimentos para fins imobili\u00e1rios na \u00e1rea situada entre a avenida Antonio Pincinato e a rodovia Dom Gabriel Paulino Bueno Couto, onde est\u00e1 situado o Centro de Engenharia e Automa\u00e7\u00e3o do Instituto Agron\u00f4mico de Campinas (IAC), foi sancionado, nesta quinta-feira (31) pelo prefeito Luiz Fernando Machado. A proposta teve aprova\u00e7\u00e3o em 8 de agosto pela C\u00e2mara Municipal de Jundia\u00ed.<\/strong><\/p>\n<p><strong>LEIA TAMB\u00c9M<\/strong><br \/>\n<a href=\"https:\/\/jundiai.sp.gov.br\/noticias\/2017\/08\/31\/prefeito-entrega-plano-plurianual-a-camara-dos-vereadores\/\">Prefeito entrega Plano Plurianual \u00e0 C\u00e2mara dos Vereadores<\/a><\/p>\n<p>No executivo, a legisla\u00e7\u00e3o passou por an\u00e1lise pelos \u00f3rg\u00e3os t\u00e9cnicos do executivo. Ap\u00f3s receber todos os pareceres das Unidades ligadas ao tema tratado no projeto de lei, o aut\u00f3grafo recebeu um parecer jur\u00eddico e promulga\u00e7\u00e3o do chefe do executivo.<\/p>\n<p>O PL ser\u00e1 publicado na edi\u00e7\u00e3o desta sexta-feira (1) na Imprensa Oficial do Munic\u00edpio.<\/p>\n<p><em><strong>Assessoria de Imprensa <\/strong><\/em><\/p>\n","protected":false},"excerpt":{"rendered":"<p>O Projeto de Lei (PL) 8.827\/2016, que veda procedimentos para fins imobili\u00e1rios na \u00e1rea situada entre a avenida Antonio Pincinato e a rodovia Dom Gabriel Paulino Bueno Couto, onde est\u00e1 situado o Centro de Engenharia e Automa\u00e7\u00e3o do Instituto Agron\u00f4mico de Campinas (IAC), foi sancionado, nesta quinta-feira (31) pelo prefeito Luiz Fernando Machado. A proposta [&hellip;]<\/p>\n","protected":false},"author":30,"featured_media":190527,"comment_status":"closed","ping_status":"closed","sticky":false,"template":"","format":"standard","meta":{"footnotes":""},"categories":[2],"tags":[428,728],"ods":[],"class_list":["post-204673","post","type-post","status-publish","format-standard","has-post-thumbnail","hentry","category-noticias","tag-camara-municipal","tag-imprensa-oficial"],"_links":{"self":[{"href":"https:\/\/jundiai.sp.gov.br\/noticias\/wp-json\/wp\/v2\/posts\/204673","targetHints":{"allow":["GET"]}}],"collection":[{"href":"https:\/\/jundiai.sp.gov.br\/noticias\/wp-json\/wp\/v2\/posts"}],"about":[{"href":"https:\/\/jundiai.sp.gov.br\/noticias\/wp-json\/wp\/v2\/types\/post"}],"author":[{"embeddable":true,"href":"https:\/\/jundiai.sp.gov.br\/noticias\/wp-json\/wp\/v2\/users\/30"}],"replies":[{"embeddable":true,"href":"https:\/\/jundiai.sp.gov.br\/noticias\/wp-json\/wp\/v2\/comments?post=204673"}],"version-history":[{"count":2,"href":"https:\/\/jundiai.sp.gov.br\/noticias\/wp-json\/wp\/v2\/posts\/204673\/revisions"}],"predecessor-version":[{"id":204675,"href":"https:\/\/jundiai.sp.gov.br\/noticias\/wp-json\/wp\/v2\/posts\/204673\/revisions\/204675"}],"wp:featuredmedia":[{"embeddable":true,"href":"https:\/\/jundiai.sp.gov.br\/noticias\/wp-json\/wp\/v2\/media\/190527"}],"wp:attachment":[{"href":"https:\/\/jundiai.sp.gov.br\/noticias\/wp-json\/wp\/v2\/media?parent=204673"}],"wp:term":[{"taxonomy":"category","embeddable":true,"href":"https:\/\/jundiai.sp.gov.br\/noticias\/wp-json\/wp\/v2\/categories?post=204673"},{"taxonomy":"post_tag","embeddable":true,"href":"https:\/\/jundiai.sp.gov.br\/noticias\/wp-json\/wp\/v2\/tags?post=204673"},{"taxonomy":"ods","embeddable":true,"href":"https:\/\/jundiai.sp.gov.br\/noticias\/wp-json\/wp\/v2\/ods?post=204673"}],"curies":[{"name":"wp","href":"https:\/\/api.w.org\/{rel}","templated":true}]}}