{"id":204742,"date":"2017-09-01T17:14:55","date_gmt":"2017-09-01T20:14:55","guid":{"rendered":"https:\/\/jundiai.sp.gov.br\/noticias\/?p=204742"},"modified":"2017-09-01T17:14:55","modified_gmt":"2017-09-01T20:14:55","slug":"paco-municipal-desperta-curiosidade-de-estudantes","status":"publish","type":"post","link":"https:\/\/jundiai.sp.gov.br\/noticias\/2017\/09\/01\/paco-municipal-desperta-curiosidade-de-estudantes\/","title":{"rendered":"Pa\u00e7o Municipal desperta curiosidade de estudantes"},"content":{"rendered":"<p><div id=\"attachment_204744\" style=\"width: 410px\" class=\"wp-caption alignright\"><a href=\"https:\/\/jundiai.sp.gov.br\/noticias\/wp-content\/uploads\/sites\/32\/2017\/09\/visita_criancas.jpg\"><img loading=\"lazy\" decoding=\"async\" aria-describedby=\"caption-attachment-204744\" src=\"https:\/\/jundiai.sp.gov.br\/noticias\/wp-content\/uploads\/sites\/32\/2017\/09\/visita_criancas.jpg\" alt=\"\" width=\"400\" height=\"350\" class=\"size-full wp-image-204744\" \/><\/a><p id=\"caption-attachment-204744\" class=\"wp-caption-text\">Ap\u00f3s conhecer o Pa\u00e7o Municipal, crian\u00e7as visitaram o prefeito Luiz Fernando Machado<br \/><\/p><\/div><strong>Poucas pessoas sabem, mas o Pa\u00e7o Municipal foi indicado pela Unidade de Gest\u00e3o de Planejamento e Meio Ambiente (UGPMA) como instala\u00e7\u00e3o p\u00fablica modelo dentro da diretiva Munic\u00edpio Sustent\u00e1vel, uma das dez que comp\u00f5e o Programa Munic\u00edpio Verde e Azul (PMVA), da Secretaria de Estado do Meio Ambiente.<\/strong><\/p>\n<p><strong>LEIA TAMB\u00c9M<\/strong><br \/>\n<a href=\"https:\/\/jundiai.sp.gov.br\/noticias\/2017\/09\/01\/prefeitura-da-inicio-as-comemoracoes-da-semana-da-patria\/\">Prefeitura d\u00e1 in\u00edcio \u00e0s comemora\u00e7\u00f5es da Semana da P\u00e1tria<\/a><\/p>\n<p>Apenas a indica\u00e7\u00e3o do Pa\u00e7o Municipal j\u00e1 tem despertado a curiosidade dos estudantes de diferentes escolas de Jundia\u00ed. De mar\u00e7o a julho deste ano, cerca de 300 alunos de cinco institui\u00e7\u00f5es de ensino visitaram o pr\u00e9dio. \u201cReceber este p\u00fablico \u00e9 importante porque s\u00e3o formadores de opini\u00e3o, com muita consci\u00eancia da import\u00e2ncia de ser um Munic\u00edpio Consciente\u201d, explica a engenheira florestal e interlocutora da Prefeitura junto ao Programa, Karina Lima.<\/p>\n<p>Ela explica que o pr\u00e9dio onde est\u00e3o localizados v\u00e1rios servi\u00e7os ao cidad\u00e3o foi indicado por possuir muitos crit\u00e9rios considerados sustent\u00e1veis. \u201cO Pa\u00e7o contempla os aspectos de efici\u00eancia energ\u00e9tica, uso racional da \u00e1gua e acessibilidade\u201d, enumerou. Entre os itens sustent\u00e1veis est\u00e3o sensores de presen\u00e7a, circuito de ilumina\u00e7\u00e3o individualizado, torneiras com temporizadores, claraboia, biciclet\u00e1rio, jardim interno e cal\u00e7adas arborizadas.<\/p>\n<p>O Programa Munic\u00edpio Verde e Azul foi implementado em 2007, enquanto que a constru\u00e7\u00e3o do Pa\u00e7o Municipal ocorreu h\u00e1 29 anos. \u201cIsso demonstra que a preocupa\u00e7\u00e3o com o bem-estar dos usu\u00e1rios e com as quest\u00f5es ambientais sempre foi presente na Prefeitura\u201d, conclui a engenheira.<\/p>\n<p><em><strong>Assessoria de Imprensa<\/strong><\/em><br \/>\n<em><strong>Foto:Fot\u00f3grafos PMJ<\/strong><\/em><\/p>\n","protected":false},"excerpt":{"rendered":"<p>Poucas pessoas sabem, mas o Pa\u00e7o Municipal foi indicado pela Unidade de Gest\u00e3o de Planejamento e Meio Ambiente (UGPMA) como instala\u00e7\u00e3o p\u00fablica modelo dentro da diretiva Munic\u00edpio Sustent\u00e1vel, uma das dez que comp\u00f5e o Programa Munic\u00edpio Verde e Azul (PMVA), da Secretaria de Estado do Meio Ambiente. LEIA TAMB\u00c9M Prefeitura d\u00e1 in\u00edcio \u00e0s comemora\u00e7\u00f5es da [&hellip;]<\/p>\n","protected":false},"author":30,"featured_media":0,"comment_status":"closed","ping_status":"closed","sticky":false,"template":"","format":"standard","meta":{"footnotes":""},"categories":[2],"tags":[138,984,1012],"ods":[],"class_list":["post-204742","post","type-post","status-publish","format-standard","hentry","category-noticias","tag-paco-municipal","tag-planejamento-urbano-e-meio-ambiente","tag-programa-municipio-verde-e-azul"],"_links":{"self":[{"href":"https:\/\/jundiai.sp.gov.br\/noticias\/wp-json\/wp\/v2\/posts\/204742","targetHints":{"allow":["GET"]}}],"collection":[{"href":"https:\/\/jundiai.sp.gov.br\/noticias\/wp-json\/wp\/v2\/posts"}],"about":[{"href":"https:\/\/jundiai.sp.gov.br\/noticias\/wp-json\/wp\/v2\/types\/post"}],"author":[{"embeddable":true,"href":"https:\/\/jundiai.sp.gov.br\/noticias\/wp-json\/wp\/v2\/users\/30"}],"replies":[{"embeddable":true,"href":"https:\/\/jundiai.sp.gov.br\/noticias\/wp-json\/wp\/v2\/comments?post=204742"}],"version-history":[{"count":5,"href":"https:\/\/jundiai.sp.gov.br\/noticias\/wp-json\/wp\/v2\/posts\/204742\/revisions"}],"predecessor-version":[{"id":204748,"href":"https:\/\/jundiai.sp.gov.br\/noticias\/wp-json\/wp\/v2\/posts\/204742\/revisions\/204748"}],"wp:attachment":[{"href":"https:\/\/jundiai.sp.gov.br\/noticias\/wp-json\/wp\/v2\/media?parent=204742"}],"wp:term":[{"taxonomy":"category","embeddable":true,"href":"https:\/\/jundiai.sp.gov.br\/noticias\/wp-json\/wp\/v2\/categories?post=204742"},{"taxonomy":"post_tag","embeddable":true,"href":"https:\/\/jundiai.sp.gov.br\/noticias\/wp-json\/wp\/v2\/tags?post=204742"},{"taxonomy":"ods","embeddable":true,"href":"https:\/\/jundiai.sp.gov.br\/noticias\/wp-json\/wp\/v2\/ods?post=204742"}],"curies":[{"name":"wp","href":"https:\/\/api.w.org\/{rel}","templated":true}]}}