{"id":204840,"date":"2017-09-04T12:32:26","date_gmt":"2017-09-04T15:32:26","guid":{"rendered":"https:\/\/jundiai.sp.gov.br\/noticias\/?p=204840"},"modified":"2017-09-04T12:36:03","modified_gmt":"2017-09-04T15:36:03","slug":"coleta-de-lixo-reciclavel-aumenta-mais-de-270-em-jundiai","status":"publish","type":"post","link":"https:\/\/jundiai.sp.gov.br\/noticias\/2017\/09\/04\/coleta-de-lixo-reciclavel-aumenta-mais-de-270-em-jundiai\/","title":{"rendered":"Coleta de lixo recicl\u00e1vel aumenta mais de 270% em Jundia\u00ed"},"content":{"rendered":"<p><strong>Ap\u00f3s sete meses de um intenso trabalho de conscientiza\u00e7\u00e3o sobre o descarte adequado do lixo, a Unidade de Gest\u00e3o de Infraestrutura e Servi\u00e7os P\u00fablicos (UGISP) registra um aumento de 275% da coleta de lixo recicl\u00e1vel. Em janeiro, a coleta era de 800 toneladas, enquanto que em agosto este n\u00famero chegou a 3 mil toneladas.<\/strong><\/p>\n<p>Para o diretor de limpeza p\u00fablica da UGISP, M\u00e1rcio Moraes, os n\u00fameros revelam que toda campanha desenvolvida junto \u00e0 popula\u00e7\u00e3o tem alcan\u00e7ado seu objetivo.\u201cA Prefeitura oferece Cata-Treco uma vez por semana em todos os bairros, al\u00e9m das coletas de lixo domiciliar e recicl\u00e1vel, na porta das casas e os Ecopontos que tamb\u00e9m recebem materiais\u201d, justifica.<\/p>\n<p><strong>LEIA TAMB\u00c9M<\/strong><br \/>\n<a href=\"https:\/\/jundiai.sp.gov.br\/noticias\/2017\/09\/01\/servicos-publicos-faz-lavagem-da-praca-do-forum\/\">Servi\u00e7os P\u00fablicos faz lavagem da Pra\u00e7a do F\u00f3rum<\/a><\/p>\n<div id=\"attachment_204844\" style=\"width: 1290px\" class=\"wp-caption aligncenter\"><a href=\"https:\/\/jundiai.sp.gov.br\/noticias\/wp-content\/uploads\/sites\/32\/2017\/09\/cidade-limpa-9.jpg\"><img loading=\"lazy\" decoding=\"async\" aria-describedby=\"caption-attachment-204844\" src=\"https:\/\/jundiai.sp.gov.br\/noticias\/wp-content\/uploads\/sites\/32\/2017\/09\/cidade-limpa-9.jpg\" alt=\"\" width=\"1280\" height=\"771\" class=\"size-full wp-image-204844\" srcset=\"https:\/\/jundiai.sp.gov.br\/noticias\/wp-content\/uploads\/sites\/32\/2017\/09\/cidade-limpa-9.jpg 1280w, https:\/\/jundiai.sp.gov.br\/noticias\/wp-content\/uploads\/sites\/32\/2017\/09\/cidade-limpa-9-300x181.jpg 300w, https:\/\/jundiai.sp.gov.br\/noticias\/wp-content\/uploads\/sites\/32\/2017\/09\/cidade-limpa-9-768x463.jpg 768w, https:\/\/jundiai.sp.gov.br\/noticias\/wp-content\/uploads\/sites\/32\/2017\/09\/cidade-limpa-9-1160x699.jpg 1160w\" sizes=\"auto, (max-width: 1280px) 100vw, 1280px\" \/><\/a><p id=\"caption-attachment-204844\" class=\"wp-caption-text\">Em doze dias de projeto, foram recolhidas 70 toneladas de lixo<br \/><\/p><\/div>\n<p>O diretor lembra que quando o material recicl\u00e1vel \u00e9 descartado no lixo comum, seu destino \u00e9 o aterro sanit\u00e1rio. \u201cIsso aumenta o volume transportado, gera maior custo e prejudica o meio ambiente, j\u00e1 que s\u00e3o necess\u00e1rios dezenas de anos para a decomposi\u00e7\u00e3o do pl\u00e1stico, do metal e do papel. A reciclagem gera economia e garante melhor qualidade de vida para a popula\u00e7\u00e3o\u201d, conclui.<\/p>\n<p><strong>Balan\u00e7o do \u2018Cidade Limpa\u2019\u00a0<\/strong><br \/>\nNove dias, 72 bairros e mais de 70 toneladas de res\u00edduos volumosos recolhidos. Este foi o resultado da parceria entre a Prefeitura de Jundia\u00ed e o projeto \u2018Cidade Limpa\u2019 da TV Tem, retomado ap\u00f3s quatro anos sem a\u00e7\u00f5es na cidade.<\/p>\n<p>\u201cA participa\u00e7\u00e3o de Jundia\u00ed no projeto \u2018Cidade Limpa\u2019 \u00e9 mais um exemplo de que as pessoas est\u00e3o come\u00e7ando a dar import\u00e2ncia ao destino correto do lixo\u201d, acredita M\u00e1rcio.<\/p>\n<p><em><strong>Assessoria de Imprensa<\/strong><\/em><br \/>\n<em><strong>Foto: Fot\u00f3grafos PMJ<\/strong><\/em><\/p>\n","protected":false},"excerpt":{"rendered":"<p>Em janeiro, a coleta era de 800 toneladas, enquanto que em agosto este n\u00famero chegou a 3 mil toneladas<\/p>\n","protected":false},"author":30,"featured_media":204846,"comment_status":"closed","ping_status":"closed","sticky":false,"template":"","format":"standard","meta":{"footnotes":""},"categories":[2],"tags":[985],"ods":[],"class_list":["post-204840","post","type-post","status-publish","format-standard","has-post-thumbnail","hentry","category-noticias","tag-infraestrutura-e-servicos-publicos"],"_links":{"self":[{"href":"https:\/\/jundiai.sp.gov.br\/noticias\/wp-json\/wp\/v2\/posts\/204840","targetHints":{"allow":["GET"]}}],"collection":[{"href":"https:\/\/jundiai.sp.gov.br\/noticias\/wp-json\/wp\/v2\/posts"}],"about":[{"href":"https:\/\/jundiai.sp.gov.br\/noticias\/wp-json\/wp\/v2\/types\/post"}],"author":[{"embeddable":true,"href":"https:\/\/jundiai.sp.gov.br\/noticias\/wp-json\/wp\/v2\/users\/30"}],"replies":[{"embeddable":true,"href":"https:\/\/jundiai.sp.gov.br\/noticias\/wp-json\/wp\/v2\/comments?post=204840"}],"version-history":[{"count":7,"href":"https:\/\/jundiai.sp.gov.br\/noticias\/wp-json\/wp\/v2\/posts\/204840\/revisions"}],"predecessor-version":[{"id":204849,"href":"https:\/\/jundiai.sp.gov.br\/noticias\/wp-json\/wp\/v2\/posts\/204840\/revisions\/204849"}],"wp:featuredmedia":[{"embeddable":true,"href":"https:\/\/jundiai.sp.gov.br\/noticias\/wp-json\/wp\/v2\/media\/204846"}],"wp:attachment":[{"href":"https:\/\/jundiai.sp.gov.br\/noticias\/wp-json\/wp\/v2\/media?parent=204840"}],"wp:term":[{"taxonomy":"category","embeddable":true,"href":"https:\/\/jundiai.sp.gov.br\/noticias\/wp-json\/wp\/v2\/categories?post=204840"},{"taxonomy":"post_tag","embeddable":true,"href":"https:\/\/jundiai.sp.gov.br\/noticias\/wp-json\/wp\/v2\/tags?post=204840"},{"taxonomy":"ods","embeddable":true,"href":"https:\/\/jundiai.sp.gov.br\/noticias\/wp-json\/wp\/v2\/ods?post=204840"}],"curies":[{"name":"wp","href":"https:\/\/api.w.org\/{rel}","templated":true}]}}