{"id":204900,"date":"2017-09-04T18:33:22","date_gmt":"2017-09-04T21:33:22","guid":{"rendered":"https:\/\/jundiai.sp.gov.br\/noticias\/?p=204900"},"modified":"2017-09-04T18:34:04","modified_gmt":"2017-09-04T21:34:04","slug":"prefeitura-esta-atenta-ao-descarte-irregular-de-residuos","status":"publish","type":"post","link":"https:\/\/jundiai.sp.gov.br\/noticias\/2017\/09\/04\/prefeitura-esta-atenta-ao-descarte-irregular-de-residuos\/","title":{"rendered":"Prefeitura est\u00e1 atenta ao descarte irregular de res\u00edduos"},"content":{"rendered":"<p><strong>Atualmente, 70 pontos de descarte irregular de res\u00edduos s\u00e3o encontrados em Jundia\u00ed. Como forma de combater esta pr\u00e1tica criminosa, prevista na lei ambiental 2.140\/1975, a Unidade de Gest\u00e3o de Infraestrutura e Servi\u00e7os P\u00fablicos (UGISP) age de forma efetiva. Somente em agosto cinco pessoas foram flagradas. Em julho, foram aplicadas oito multas.<\/strong><\/p>\n<p>\u201cAl\u00e9m de todo trabalho de conscientiza\u00e7\u00e3o, o servi\u00e7o de Cata-Treco passa uma vez por semana, enquanto que o de coleta seletiva percorre os bairros duas vezes por semana. Temos ainda cinco Ecopontos. Ou seja, depois de todo este trabalho educativo e das op\u00e7\u00f5es apresentadas, n\u00e3o existe motivo para as pessoas descartarem os res\u00edduos de forma irregular\u201d, argumenta o diretor de Limpeza P\u00fablica, M\u00e1rcio Moraes.<\/p>\n<p><strong>LEIA TAMB\u00c9M<\/strong><br \/>\n<a href=\"https:\/\/jundiai.sp.gov.br\/noticias\/2017\/09\/04\/coleta-de-lixo-reciclavel-aumenta-mais-de-270-em-jundiai\/\">Coleta de lixo recicl\u00e1vel aumenta mais de 270% em Jundia\u00ed<\/a><\/p>\n<p><div id=\"attachment_204903\" style=\"width: 410px\" class=\"wp-caption alignright\"><a href=\"https:\/\/jundiai.sp.gov.br\/noticias\/wp-content\/uploads\/sites\/32\/2017\/09\/pev_ivoturucaia-1.jpg\"><img loading=\"lazy\" decoding=\"async\" aria-describedby=\"caption-attachment-204903\" src=\"https:\/\/jundiai.sp.gov.br\/noticias\/wp-content\/uploads\/sites\/32\/2017\/09\/pev_ivoturucaia-1.jpg\" alt=\"\" width=\"400\" height=\"350\" class=\"size-full wp-image-204903\" \/><\/a><p id=\"caption-attachment-204903\" class=\"wp-caption-text\">Jundia\u00ed possui hoje 70 pontos de descarte irregular<br \/><\/p><\/div>Neste momento, a Prefeitura busca recursos para nos pr\u00f3ximos anos, construir mais tr\u00eas ecopontos em diferentes locais da cidade. As regi\u00f5es de Ivoturucaia, Engordadouro, Vila Esperan\u00e7a, Medeiros e S\u00e3o Camilo s\u00e3o onde mais proliferam os terrenos de descarte irregular de res\u00edduo. O material mais encontrado s\u00e3o restos da constru\u00e7\u00e3o civil, recicl\u00e1vel e volumosos.<\/p>\n<p>A limpeza dos terrenos onera os cofres p\u00fablicos em R$ 25 mil todo m\u00eas somente com o aluguel da m\u00e1quina e do caminh\u00e3o, assim como interrompe o servi\u00e7o de manuten\u00e7\u00e3o programada para atender a limpeza do terreno, a conserva\u00e7\u00e3o das estradas pavimentadas e os servi\u00e7os de manuten\u00e7\u00e3o em geral.<\/p>\n<p>Marcio explica que o valor das multas aplicadas depende do volume de res\u00edduo encontrado no terreno, podendo variar entre R$ 500 e R$ 8,8 mil. A popula\u00e7\u00e3o pode ajudar no trabalho de fiscaliza\u00e7\u00e3o, com den\u00fancia sobre a irregularidade pelo telefone 156 ou 4581-6707.<br \/>\n<strong><br \/>\n<em>Assessoria de Imprensa<br \/>\nFoto: Fot\u00f3grafos PMJ<\/strong><\/em><\/p>\n","protected":false},"excerpt":{"rendered":"<p>Atualmente, 70 pontos de descarte irregular de res\u00edduos s\u00e3o encontrados. Como forma de combater a pr\u00e1tica, em agosto cinco pessoas foram flagradas<\/p>\n","protected":false},"author":30,"featured_media":204907,"comment_status":"closed","ping_status":"closed","sticky":false,"template":"","format":"standard","meta":{"footnotes":""},"categories":[2],"tags":[985],"ods":[],"class_list":["post-204900","post","type-post","status-publish","format-standard","has-post-thumbnail","hentry","category-noticias","tag-infraestrutura-e-servicos-publicos"],"_links":{"self":[{"href":"https:\/\/jundiai.sp.gov.br\/noticias\/wp-json\/wp\/v2\/posts\/204900","targetHints":{"allow":["GET"]}}],"collection":[{"href":"https:\/\/jundiai.sp.gov.br\/noticias\/wp-json\/wp\/v2\/posts"}],"about":[{"href":"https:\/\/jundiai.sp.gov.br\/noticias\/wp-json\/wp\/v2\/types\/post"}],"author":[{"embeddable":true,"href":"https:\/\/jundiai.sp.gov.br\/noticias\/wp-json\/wp\/v2\/users\/30"}],"replies":[{"embeddable":true,"href":"https:\/\/jundiai.sp.gov.br\/noticias\/wp-json\/wp\/v2\/comments?post=204900"}],"version-history":[{"count":7,"href":"https:\/\/jundiai.sp.gov.br\/noticias\/wp-json\/wp\/v2\/posts\/204900\/revisions"}],"predecessor-version":[{"id":204910,"href":"https:\/\/jundiai.sp.gov.br\/noticias\/wp-json\/wp\/v2\/posts\/204900\/revisions\/204910"}],"wp:featuredmedia":[{"embeddable":true,"href":"https:\/\/jundiai.sp.gov.br\/noticias\/wp-json\/wp\/v2\/media\/204907"}],"wp:attachment":[{"href":"https:\/\/jundiai.sp.gov.br\/noticias\/wp-json\/wp\/v2\/media?parent=204900"}],"wp:term":[{"taxonomy":"category","embeddable":true,"href":"https:\/\/jundiai.sp.gov.br\/noticias\/wp-json\/wp\/v2\/categories?post=204900"},{"taxonomy":"post_tag","embeddable":true,"href":"https:\/\/jundiai.sp.gov.br\/noticias\/wp-json\/wp\/v2\/tags?post=204900"},{"taxonomy":"ods","embeddable":true,"href":"https:\/\/jundiai.sp.gov.br\/noticias\/wp-json\/wp\/v2\/ods?post=204900"}],"curies":[{"name":"wp","href":"https:\/\/api.w.org\/{rel}","templated":true}]}}