{"id":205342,"date":"2017-09-13T19:03:10","date_gmt":"2017-09-13T22:03:10","guid":{"rendered":"https:\/\/jundiai.sp.gov.br\/noticias\/?p=205342"},"modified":"2017-09-13T19:03:10","modified_gmt":"2017-09-13T22:03:10","slug":"prefeitura-inicia-capacitacao-de-empreendedores","status":"publish","type":"post","link":"https:\/\/jundiai.sp.gov.br\/noticias\/2017\/09\/13\/prefeitura-inicia-capacitacao-de-empreendedores\/","title":{"rendered":"Prefeitura inicia capacita\u00e7\u00e3o de empreendedores"},"content":{"rendered":"<p><div id=\"attachment_205345\" style=\"width: 410px\" class=\"wp-caption alignright\"><a href=\"https:\/\/jundiai.sp.gov.br\/noticias\/wp-content\/uploads\/sites\/32\/2017\/09\/curso-empreendedorismo_c_0.jpg\"><img loading=\"lazy\" decoding=\"async\" aria-describedby=\"caption-attachment-205345\" src=\"https:\/\/jundiai.sp.gov.br\/noticias\/wp-content\/uploads\/sites\/32\/2017\/09\/curso-empreendedorismo_c_0.jpg\" alt=\"\" width=\"400\" height=\"350\" class=\"size-full wp-image-205345\" \/><\/a><p id=\"caption-attachment-205345\" class=\"wp-caption-text\">Capacita\u00e7\u00e3o teve in\u00edcio nesta quarta-feira (13) e segue at\u00e9 outubro<br \/><\/p><\/div><strong>Cerca de 30 empreendedores jundiaienses come\u00e7aram, nesta quarta-feira (13), um curso de extens\u00e3o promovido por meio de uma parceria entre as Unidades de Gest\u00e3o de Desenvolvimento Econ\u00f4mico, Ci\u00eancia e Tecnologia (UGDECT) e Educa\u00e7\u00e3o (UGE), em linha com a proposta do prefeito Luiz Fernando Machado de impulsionar o desenvolvimento do Munic\u00edpio com o fomento \u00e0 capacita\u00e7\u00e3o da popula\u00e7\u00e3o.<\/strong><\/p>\n<p>No primeiro m\u00f3dulo do curso, os participantes aprenderam sobre gest\u00e3o financeira com Mariana Savedra, diretora do Departamento de Ci\u00eancia e Tecnologia da UGDECT. Os empreendedores aprovaram a iniciativa. \u201cEstou come\u00e7ando agora como empreendedora e j\u00e1 aprendi coisas importantes que eu n\u00e3o sabia neste primeiro dia de aula. Esperto obter novas ferramentas para fazer a minha empresa crescer\u201d, disse Ana L\u00facia da Silva, que abriu um ateli\u00ea de costuma h\u00e1 quatro meses.<\/p>\n<p><strong>LEIA TAMB\u00c9M<\/strong><br \/>\n<a href=\"https:\/\/jundiai.sp.gov.br\/noticias\/2017\/09\/13\/discussao-sobre-plano-de-bairro-e-rota-turistica-atrai-interesse-da-populacao\/\">Discuss\u00e3o sobre Plano de Bairro e Rota Tur\u00edstica atrai interesse da popula\u00e7\u00e3o<\/a><\/p>\n<p>Mais experiente, o empres\u00e1rio Fabiano Rog\u00e9rio Juiz tamb\u00e9m saiu satisfeito do Centro de Forma\u00e7\u00e3o do Complexo Argos, onde o curso \u00e9 oferecido. \u201cTenho uma empresa que fabrica mais de 500 pe\u00e7as para automodelos. Vim em busca de mais conhecimento e acredito que posso melhorar ainda mais o relacionamento com meus os clientes, pois hoje atendo pessoas de diversas regi\u00f5es do pa\u00eds. Al\u00e9m disso, espero, a partir das informa\u00e7\u00f5es recebidas no curso, ter novas ideias para, futuramente, poder ampliar os neg\u00f3cios para outros segmentos\u201d, destacou.<\/p>\n<p>Os temas tratados na capacita\u00e7\u00e3o ser\u00e3o empreendedorismo, gest\u00e3o da inova\u00e7\u00e3o, gest\u00e3o financeira, propriedade intelectual, gest\u00e3o da qualidade, design thinking e marketing digital. \u201cAs aulas t\u00eam vi\u00e9s pr\u00e1tico e oferecem s\u00f3lidos conhecimentos de administra\u00e7\u00e3o e economia relevantes para a gest\u00e3o empreendedora\u201d, aponta o gestor da UGDECT, Messias Mercadante. Os cursos s\u00e3o ministrados em parceria com a Academia do Instituto Nacional de Propriedade Industrial (INPI).<\/p>\n<p><em><strong>Assessoria de Imprensa<br \/>\nFoto: Fot\u00f3grafos PMJ<\/strong><\/em><\/p>\n","protected":false},"excerpt":{"rendered":"<p>Cerca de 30 empreendedores jundiaienses come\u00e7aram, nesta quarta-feira (13), um curso de extens\u00e3o promovido por meio de uma parceria entre as Unidades de Gest\u00e3o de Desenvolvimento Econ\u00f4mico, Ci\u00eancia e Tecnologia (UGDECT) e Educa\u00e7\u00e3o (UGE), em linha com a proposta do prefeito Luiz Fernando Machado de impulsionar o desenvolvimento do Munic\u00edpio com o fomento \u00e0 capacita\u00e7\u00e3o [&hellip;]<\/p>\n","protected":false},"author":30,"featured_media":0,"comment_status":"closed","ping_status":"closed","sticky":false,"template":"","format":"standard","meta":{"footnotes":""},"categories":[2],"tags":[365],"ods":[],"class_list":["post-205342","post","type-post","status-publish","format-standard","hentry","category-noticias","tag-desenvolvimento-economico-ciencia-e-tecnologia"],"_links":{"self":[{"href":"https:\/\/jundiai.sp.gov.br\/noticias\/wp-json\/wp\/v2\/posts\/205342","targetHints":{"allow":["GET"]}}],"collection":[{"href":"https:\/\/jundiai.sp.gov.br\/noticias\/wp-json\/wp\/v2\/posts"}],"about":[{"href":"https:\/\/jundiai.sp.gov.br\/noticias\/wp-json\/wp\/v2\/types\/post"}],"author":[{"embeddable":true,"href":"https:\/\/jundiai.sp.gov.br\/noticias\/wp-json\/wp\/v2\/users\/30"}],"replies":[{"embeddable":true,"href":"https:\/\/jundiai.sp.gov.br\/noticias\/wp-json\/wp\/v2\/comments?post=205342"}],"version-history":[{"count":4,"href":"https:\/\/jundiai.sp.gov.br\/noticias\/wp-json\/wp\/v2\/posts\/205342\/revisions"}],"predecessor-version":[{"id":205347,"href":"https:\/\/jundiai.sp.gov.br\/noticias\/wp-json\/wp\/v2\/posts\/205342\/revisions\/205347"}],"wp:attachment":[{"href":"https:\/\/jundiai.sp.gov.br\/noticias\/wp-json\/wp\/v2\/media?parent=205342"}],"wp:term":[{"taxonomy":"category","embeddable":true,"href":"https:\/\/jundiai.sp.gov.br\/noticias\/wp-json\/wp\/v2\/categories?post=205342"},{"taxonomy":"post_tag","embeddable":true,"href":"https:\/\/jundiai.sp.gov.br\/noticias\/wp-json\/wp\/v2\/tags?post=205342"},{"taxonomy":"ods","embeddable":true,"href":"https:\/\/jundiai.sp.gov.br\/noticias\/wp-json\/wp\/v2\/ods?post=205342"}],"curies":[{"name":"wp","href":"https:\/\/api.w.org\/{rel}","templated":true}]}}