{"id":205503,"date":"2017-09-15T17:36:49","date_gmt":"2017-09-15T20:36:49","guid":{"rendered":"https:\/\/jundiai.sp.gov.br\/noticias\/?p=205503"},"modified":"2017-09-15T17:36:49","modified_gmt":"2017-09-15T20:36:49","slug":"prefeitura-promove-semana-municipal-do-idoso","status":"publish","type":"post","link":"https:\/\/jundiai.sp.gov.br\/noticias\/2017\/09\/15\/prefeitura-promove-semana-municipal-do-idoso\/","title":{"rendered":"Prefeitura promove Semana Municipal do Idoso"},"content":{"rendered":"<p><strong>Entre os dias 21 e 27 de setembro, a Casa Civil, por meio da Assessoria de Pol\u00edticas para o Idoso, promove uma s\u00e9rie de eventos com temas ligados \u00e0 terceira idade, dentro da Semana Municipal do Idoso. A abertura oficial ser\u00e1 \u00e0s 15h30, na quinta-feira (21), no Pa\u00e7o Municipal.<\/strong><\/p>\n<p><a href=\"https:\/\/jundiai.sp.gov.br\/semana-do-idoso\/\" target=\"_blank\">CONFIRA A PROGRAMA\u00c7\u00c3O COMPLETA<\/a><\/p>\n<p>Na sexta-feira (22), a s\u00e9rie de atividades come\u00e7a com uma caminhada na Pra\u00e7a P\u00f4r do Sol (Parque da Cidade), seguido de um piquenique comunit\u00e1rio. \u00c0 tarde, \u00e0s 14h, haver\u00e1 show de Toninho Claretti e, \u00e0s 15h, apresenta\u00e7\u00e3o da dupla sertaneja Rodrigo Lessa e Miguel. Durante todo o dia, funcion\u00e1rios da Unidade de Promo\u00e7\u00e3o da Sa\u00fade estar\u00e3o no local realizando aferi\u00e7\u00e3o de press\u00e3o arterial.<\/p>\n<p><strong>LEIA TAMB\u00c9M<\/strong><br \/>\n<a href=\"https:\/\/jundiai.sp.gov.br\/noticias\/2017\/09\/15\/assessoria-promove-forum-sobre-empregabilidade-e-a-pessoa-com-deficiencia\/\">Empregabilidade e pessoa com defici\u00eancia \u00e9 tema de F\u00f3rum<\/a><\/p>\n<p>No s\u00e1bado, a comemora\u00e7\u00e3o continua com um baile no Centro de Refer\u00eancia do Idoso de Jundia\u00ed (CRIJU), das 13h \u00e0s 17h. J\u00e1 no domingo (24) as atividades voltam ao Parque da Cidade, onde ser\u00e3o realizados eventos envolvendo zumba, jogos e brincadeiras diversas.<\/p>\n<p>No dia 25, segunda-feira, atividades esportivas estar\u00e3o em destaque. \u00c0s 8h ter\u00e1 in\u00edcio uma caminhada no Gin\u00e1sio Dr. Nicolino de Lucca (Bol\u00e3o), seguido de atletismo (\u00e0s 9h) e basquete com rodas (\u00e0s 10h). No per\u00edodo da tarde, a partir das 14h, o professor J\u00falio Lamarca far\u00e1 uma palestra no CRIJU com o tema \u201cecologia\u201d. Em seguida, uma segunda palestra, desta vez comandada pela bi\u00f3loga Bruna da Silva, ter\u00e1 como tema o Jardim Bot\u00e2nico.<\/p>\n<p>O pen\u00faltimo dia da Semana do Idoso ter\u00e1 a sa\u00fade como foco, com uma palestra da assistente social do CTA, Grace do Prado Don, na Unidade B\u00e1sica de Sa\u00fade do bairro Agapeama. \u00c0 noite, entre 17h e 21h, um baile comemorativo ser\u00e1 promovido na Associa\u00e7\u00e3o dos Aposentados. O encerramento das atividades ser\u00e1 no dia 27, \u00e0s 14h, no Teatro Polytheama. Est\u00e3o programadas atividades culturais com corpo de baile, coral e dan\u00e7a, coreografia do JORI, etc.<br \/>\n<strong><em><br \/>\nAssessoria de Imprensa<br \/>\nFoto: Fot\u00f3grafos PMJ<\/strong><\/em><\/p>\n","protected":false},"excerpt":{"rendered":"<p>Na sexta (22), a s\u00e9rie de atividades come\u00e7a com uma caminhada no Parque da Cidade, seguido de um piquenique comunit\u00e1rio<\/p>\n","protected":false},"author":30,"featured_media":205507,"comment_status":"closed","ping_status":"closed","sticky":false,"template":"","format":"standard","meta":{"footnotes":""},"categories":[2],"tags":[988,110,62,53,47,779],"ods":[],"class_list":["post-205503","post","type-post","status-publish","format-standard","has-post-thumbnail","hentry","category-noticias","tag-assessoria-de-politicas-para-o-idoso","tag-bolao","tag-casa-civil","tag-centro-de-referencia-do-idoso-criju","tag-parque-da-cidade","tag-semana-do-idoso"],"_links":{"self":[{"href":"https:\/\/jundiai.sp.gov.br\/noticias\/wp-json\/wp\/v2\/posts\/205503","targetHints":{"allow":["GET"]}}],"collection":[{"href":"https:\/\/jundiai.sp.gov.br\/noticias\/wp-json\/wp\/v2\/posts"}],"about":[{"href":"https:\/\/jundiai.sp.gov.br\/noticias\/wp-json\/wp\/v2\/types\/post"}],"author":[{"embeddable":true,"href":"https:\/\/jundiai.sp.gov.br\/noticias\/wp-json\/wp\/v2\/users\/30"}],"replies":[{"embeddable":true,"href":"https:\/\/jundiai.sp.gov.br\/noticias\/wp-json\/wp\/v2\/comments?post=205503"}],"version-history":[{"count":5,"href":"https:\/\/jundiai.sp.gov.br\/noticias\/wp-json\/wp\/v2\/posts\/205503\/revisions"}],"predecessor-version":[{"id":205509,"href":"https:\/\/jundiai.sp.gov.br\/noticias\/wp-json\/wp\/v2\/posts\/205503\/revisions\/205509"}],"wp:featuredmedia":[{"embeddable":true,"href":"https:\/\/jundiai.sp.gov.br\/noticias\/wp-json\/wp\/v2\/media\/205507"}],"wp:attachment":[{"href":"https:\/\/jundiai.sp.gov.br\/noticias\/wp-json\/wp\/v2\/media?parent=205503"}],"wp:term":[{"taxonomy":"category","embeddable":true,"href":"https:\/\/jundiai.sp.gov.br\/noticias\/wp-json\/wp\/v2\/categories?post=205503"},{"taxonomy":"post_tag","embeddable":true,"href":"https:\/\/jundiai.sp.gov.br\/noticias\/wp-json\/wp\/v2\/tags?post=205503"},{"taxonomy":"ods","embeddable":true,"href":"https:\/\/jundiai.sp.gov.br\/noticias\/wp-json\/wp\/v2\/ods?post=205503"}],"curies":[{"name":"wp","href":"https:\/\/api.w.org\/{rel}","templated":true}]}}