{"id":205569,"date":"2017-09-16T18:21:29","date_gmt":"2017-09-16T21:21:29","guid":{"rendered":"https:\/\/jundiai.sp.gov.br\/noticias\/?p=205569"},"modified":"2017-09-21T17:40:03","modified_gmt":"2017-09-21T20:40:03","slug":"conexao-cultural-inicia-acoes-no-terminal-eloy-chaves","status":"publish","type":"post","link":"https:\/\/jundiai.sp.gov.br\/noticias\/2017\/09\/16\/conexao-cultural-inicia-acoes-no-terminal-eloy-chaves\/","title":{"rendered":"Conex\u00e3o Cultural inicia a\u00e7\u00f5es no terminal Eloy Chaves"},"content":{"rendered":"<div id=\"attachment_205570\" style=\"width: 410px\" class=\"wp-caption alignleft\"><a href=\"https:\/\/jundiai.sp.gov.br\/noticias\/wp-content\/uploads\/sites\/32\/2017\/09\/interna_conexao_cultural.jpg\"><img loading=\"lazy\" decoding=\"async\" aria-describedby=\"caption-attachment-205570\" class=\"size-full wp-image-205570\" src=\"https:\/\/jundiai.sp.gov.br\/noticias\/wp-content\/uploads\/sites\/32\/2017\/09\/interna_conexao_cultural.jpg\" alt=\"\" width=\"400\" height=\"350\" \/><\/a><p id=\"caption-attachment-205570\" class=\"wp-caption-text\">O grafiteiro Insane come\u00e7ou seu painel neste s\u00e1bado, mas deve concluir durante a semana<\/p><\/div>\n<p><strong>Quem passou pelo terminal do bairro Eloy Chaves na manh\u00e3 deste s\u00e1bado encontrou um cen\u00e1rio diferente. Al\u00e9m do som das batidas comandadas pelas pick-ups do DJ Piggy, os passageiros que aguardavam seus \u00f4nibus tamb\u00e9m acompanharam os trabalhos realizados por grafiteiros encarregados de dar um colorido \u00e0 mais ao cen\u00e1rio urbano.<\/strong><\/p>\n<p><strong>LEIA TAMB\u00c9M<\/strong><br \/>\n<a href=\"https:\/\/jundiai.sp.gov.br\/noticias\/2017\/09\/15\/cultura-lanca-encontros-literarios-no-polytheama\/\">Cultura lan\u00e7a \u2018Encontros Liter\u00e1rios\u2019 no Polytheama<\/a><\/p>\n<p>O projeto Conex\u00e3o Cultural \u00e9 uma iniciativa em conjunta das Unidades de Gest\u00e3o de Cultura e Mobilidade e Transporte, cujos gestores acompanhavam de perto todas as a\u00e7\u00f5es do evento. \u201cO projeto veio ao encontro do que\u00a0estamos realizando desde o in\u00edcio do ano, que \u00e9 a descentraliza\u00e7\u00e3o da Cultura, levando toda a forma de arte para quem est\u00e1 nos bairros\u201d, disse Vasti Marques, gestora da Cultura, lembrando que o Conex\u00e3o Cultural \u00e9 conduzido por quatro vertentes diferenciadas.<\/p>\n<p>\u201cPrimeiro, trazemos a grafitagem para os terminais, que \u00e9 uma arte muito din\u00e2mica e, por ficar exposta ao tempo, no futuro pode ser renovada. Em segundo, teremos oficinas mensais, come\u00e7ando com a de grafite. A terceira vertente s\u00e3o as apresenta\u00e7\u00f5es art\u00edsticas, como dan\u00e7a, coral, pintura, especialmente, com artistas do bairro onde o terminal est\u00e1 instalado. E por fim, estamos em busca de parcerias para instalar paineis que possam informar a popula\u00e7\u00e3o sobre a programa\u00e7\u00e3o de artes na cidade\u201d.<\/p>\n<p>O gestor de Mobilidade e Transporte, Silvestre Eduardo Rocha Ribeiro, lembrou que a iniciativa tamb\u00e9m faz parte do projeto de revitaliza\u00e7\u00e3o dos terminais, come\u00e7ando pelo terminal do Eloy, que recebeu lavagem mecanizada e nova pintura nos \u00faltimos dias. \u201c\u00c9 importante dizer que estas a\u00e7\u00f5es n\u00e3o s\u00e3o eventos e sim, que j\u00e1 est\u00e3o sendo incorporadas em nossa agenda permanente. Estamos criando espa\u00e7os e fazendo adapta\u00e7\u00f5es para receber todas as manifesta\u00e7\u00f5es art\u00edsticas em nossos terminais e proporcionar que a cultura chegue at\u00e9 \u00e0s pessoas em sua rotina, tornando mais agrad\u00e1vel a passagem por locais como este\u201d.<\/p>\n<p>A a\u00e7\u00e3o recebeu os parab\u00e9ns do grafiteiro M\u00e1rcio Silva, ou melhor, Insane, como \u00e9 conhecido na cidade. \u201cSomos uma equipe de grafiteiros que estar\u00e1 trabalhando aqui nos terminais durante toda esta semana, para concluir este painel que deixar\u00e1 o terminal muito mais bonito e colorido. Acho que \u00e9 algo que vai agradar tanto as pessoas que passam por aqui, como os profissionais que vivem desta arte.\u201d<br \/>\n<strong><br \/>\nSopa de Letras<\/strong><\/p>\n<p>No pr\u00f3ximo s\u00e1bado, dia 23, o projeto Conex\u00e3o Cultural prossegue com a realiza\u00e7\u00e3o de uma a\u00e7\u00e3o de grafitagem que est\u00e1 sendo chamada de \u201cSopa de Letras\u201d. Ao todo, 40 grafiteiros, profissionais e amadores, pintar\u00e3o o muro de cerca de 70 metros localizado em frente o terminal do Eloy Chaves, utilizando letras como forma de express\u00e3o. \u201cCada um poder\u00e1 mostrar suas marcas pessoais e como as letras t\u00eam significados diferentes para cada um desses grafiteiros\u201d, complementou o diretor da unidade de Cultura, Marcelo Peroni.<\/p>\n<p><em><strong>Assessoria de Imprensa<br \/>\nFotos: Fot\u00f3grafos PMJ<\/strong><\/em><\/p>\n","protected":false},"excerpt":{"rendered":"<p>40 grafiteiros, profissionais e amadores, pintar\u00e3o o muro de cerca de 70 metros localizado em frente o terminal do Eloy Chaves<\/p>\n","protected":false},"author":31,"featured_media":205572,"comment_status":"closed","ping_status":"closed","sticky":false,"template":"","format":"standard","meta":{"footnotes":""},"categories":[2],"tags":[29,982],"ods":[],"class_list":["post-205569","post","type-post","status-publish","format-standard","has-post-thumbnail","hentry","category-noticias","tag-cultura","tag-mobilidade-e-transporte"],"_links":{"self":[{"href":"https:\/\/jundiai.sp.gov.br\/noticias\/wp-json\/wp\/v2\/posts\/205569","targetHints":{"allow":["GET"]}}],"collection":[{"href":"https:\/\/jundiai.sp.gov.br\/noticias\/wp-json\/wp\/v2\/posts"}],"about":[{"href":"https:\/\/jundiai.sp.gov.br\/noticias\/wp-json\/wp\/v2\/types\/post"}],"author":[{"embeddable":true,"href":"https:\/\/jundiai.sp.gov.br\/noticias\/wp-json\/wp\/v2\/users\/31"}],"replies":[{"embeddable":true,"href":"https:\/\/jundiai.sp.gov.br\/noticias\/wp-json\/wp\/v2\/comments?post=205569"}],"version-history":[{"count":10,"href":"https:\/\/jundiai.sp.gov.br\/noticias\/wp-json\/wp\/v2\/posts\/205569\/revisions"}],"predecessor-version":[{"id":205929,"href":"https:\/\/jundiai.sp.gov.br\/noticias\/wp-json\/wp\/v2\/posts\/205569\/revisions\/205929"}],"wp:featuredmedia":[{"embeddable":true,"href":"https:\/\/jundiai.sp.gov.br\/noticias\/wp-json\/wp\/v2\/media\/205572"}],"wp:attachment":[{"href":"https:\/\/jundiai.sp.gov.br\/noticias\/wp-json\/wp\/v2\/media?parent=205569"}],"wp:term":[{"taxonomy":"category","embeddable":true,"href":"https:\/\/jundiai.sp.gov.br\/noticias\/wp-json\/wp\/v2\/categories?post=205569"},{"taxonomy":"post_tag","embeddable":true,"href":"https:\/\/jundiai.sp.gov.br\/noticias\/wp-json\/wp\/v2\/tags?post=205569"},{"taxonomy":"ods","embeddable":true,"href":"https:\/\/jundiai.sp.gov.br\/noticias\/wp-json\/wp\/v2\/ods?post=205569"}],"curies":[{"name":"wp","href":"https:\/\/api.w.org\/{rel}","templated":true}]}}