{"id":205765,"date":"2017-09-19T18:09:42","date_gmt":"2017-09-19T21:09:42","guid":{"rendered":"https:\/\/jundiai.sp.gov.br\/noticias\/?p=205765"},"modified":"2017-09-19T18:09:42","modified_gmt":"2017-09-19T21:09:42","slug":"parque-tulipas-ganha-melhorias-e-se-consagra-como-multifuncional","status":"publish","type":"post","link":"https:\/\/jundiai.sp.gov.br\/noticias\/2017\/09\/19\/parque-tulipas-ganha-melhorias-e-se-consagra-como-multifuncional\/","title":{"rendered":"Parque Tulipas ganha melhorias e se consagra como multifuncional"},"content":{"rendered":"<div id=\"attachment_205767\" style=\"width: 1250px\" class=\"wp-caption alignright\"><a href=\"https:\/\/jundiai.sp.gov.br\/noticias\/wp-content\/uploads\/sites\/32\/2017\/09\/parque_tulipas-1.jpg\"><img loading=\"lazy\" decoding=\"async\" aria-describedby=\"caption-attachment-205767\" class=\"size-full wp-image-205767\" src=\"https:\/\/jundiai.sp.gov.br\/noticias\/wp-content\/uploads\/sites\/32\/2017\/09\/parque_tulipas-1.jpg\" alt=\"\" width=\"1240\" height=\"828\" srcset=\"https:\/\/jundiai.sp.gov.br\/noticias\/wp-content\/uploads\/sites\/32\/2017\/09\/parque_tulipas-1.jpg 1240w, https:\/\/jundiai.sp.gov.br\/noticias\/wp-content\/uploads\/sites\/32\/2017\/09\/parque_tulipas-1-300x200.jpg 300w, https:\/\/jundiai.sp.gov.br\/noticias\/wp-content\/uploads\/sites\/32\/2017\/09\/parque_tulipas-1-768x513.jpg 768w, https:\/\/jundiai.sp.gov.br\/noticias\/wp-content\/uploads\/sites\/32\/2017\/09\/parque_tulipas-1-1160x775.jpg 1160w\" sizes=\"auto, (max-width: 1240px) 100vw, 1240px\" \/><\/a><p id=\"caption-attachment-205767\" class=\"wp-caption-text\">Pontes receberam manuten\u00e7\u00e3o e lagos n\u00e3o tiveram mais \u00e1gua contaminada<\/p><\/div>\n<p><strong>O Parque Bot\u00e2nico Tulipas Professor Aziz Ab Saber foi inaugurado em abril de 2012 com a proposta de oferecer um espa\u00e7o de lazer para os moradores do Vetor Oeste da cidade. Hoje o local recebe cerca de 150 pessoas diariamente e, aos finais de semana, este n\u00famero chega a triplicar. Deixou de ser um parque s\u00f3 do jundiaiense e passou a atrair visitantes de outros munic\u00edpios.<\/strong><\/p>\n<p>O comportamento de quem frequenta o parque tamb\u00e9m mudou. Nem todo visitante quer apenas caminhar ou busca os equipamentos da academia ao ar livre. Da mesma forma n\u00e3o \u00e9 s\u00f3 a quadra de areia ou a ciclovia que atrai o p\u00fablico para o Bot\u00e2nico de Jundia\u00ed. \u201cSempre que as aulas acabam mais cedo, reunimos alguns amigos da sala e procuramos o parque para relaxar. Aqui voc\u00ea tem contato com a natureza, com os animais. \u00c9 muito bom\u201d, elogia a aluna da Escola Estadual Maria de Almeida Schledorn.<\/p>\n<div id=\"attachment_205769\" style=\"width: 410px\" class=\"wp-caption alignright\"><a href=\"https:\/\/jundiai.sp.gov.br\/noticias\/wp-content\/uploads\/sites\/32\/2017\/09\/parque_tulipas-5.jpg\"><img loading=\"lazy\" decoding=\"async\" aria-describedby=\"caption-attachment-205769\" class=\"size-full wp-image-205769\" src=\"https:\/\/jundiai.sp.gov.br\/noticias\/wp-content\/uploads\/sites\/32\/2017\/09\/parque_tulipas-5.jpg\" alt=\"\" width=\"400\" height=\"350\" \/><\/a><p id=\"caption-attachment-205769\" class=\"wp-caption-text\">Ludmila vem buscar tranquilidade do parque<\/p><\/div>\n<p>A mesma tranquilidade levou o enfermeiro Cleber Messias da Silva a escolher o parque para ensinar o filho de 8 anos, Matheus, a andar de bicicleta. \u201cEste lugar \u00e9 perfeito, n\u00e3o apenas para isso, mas para trazer a fam\u00edlia, praticar atividade f\u00edsica, respirar outros ares\u201d, enumera.<\/p>\n<p>As op\u00e7\u00f5es de lazer do parque v\u00e3o al\u00e9m da quadra poliesportiva,\u00a0<em>playground<\/em>, cachoeiras e lagoas. Todo \u00faltimo domingo do m\u00eas a \u00e1rea de estacionamento \u00e9 reutilizada para aula de zumba e no m\u00eas que vem, ser\u00e1 inaugurada a brinquedoteca. \u201cApostamos no projeto de um parque que ofere\u00e7a algo mais ao visitante. Hoje recebemos diferentes p\u00fablicos e precisamos estar preparados para atend\u00ea-los\u201d, defende o administrador do parque, Bruno Rigonatti Merejoli.<\/p>\n<p><strong>Melhorias<\/strong><br \/>\nDesde o in\u00edcio do ano, a Unidade de Gest\u00e3o de Infraestrutura e Servi\u00e7os P\u00fablicos (UGISP) desenvolve\u00a0a\u00e7\u00f5es de melhorias nos parques. No Bot\u00e2nico do Tulipas foram realizadas a reorganiza\u00e7\u00e3o do paisagismo, a remo\u00e7\u00e3o das \u00e1rvores secas e replantio de \u00e1rvores nativas.<\/p>\n<div id=\"attachment_205771\" style=\"width: 410px\" class=\"wp-caption alignleft\"><a href=\"https:\/\/jundiai.sp.gov.br\/noticias\/wp-content\/uploads\/sites\/32\/2017\/09\/parque_tulipas-4.jpg\"><img loading=\"lazy\" decoding=\"async\" aria-describedby=\"caption-attachment-205771\" class=\"size-full wp-image-205771\" src=\"https:\/\/jundiai.sp.gov.br\/noticias\/wp-content\/uploads\/sites\/32\/2017\/09\/parque_tulipas-4.jpg\" alt=\"\" width=\"400\" height=\"350\" \/><\/a><p id=\"caption-attachment-205771\" class=\"wp-caption-text\">O enfermeiro, Cleber Messias escolheu o Parque Tulipas para ensinar o filho a andar de bicicleta<\/p><\/div>\n<p>O lago, que era uma reclama\u00e7\u00e3o antiga dos visitantes, tamb\u00e9m recebeu melhorias. Por meio da DAE, foram trocados 122 metros de tubula\u00e7\u00e3o de esgoto, evitando a contamina\u00e7\u00e3o da \u00e1gua. \u201cVale ressaltar que o lago recebe a \u00e1gua fluvial, o que depende muito do que a pr\u00f3pria popula\u00e7\u00e3o despeja nas proximidades dos bueiros\u201d, exemplifica Bruno.<\/p>\n<p>As 15 pontes de madeira espalhadas pelo parque passaram por manuten\u00e7\u00e3o e o gramado contaminado por pragas foram tratados. \u201cTemos consci\u00eancia de algumas car\u00eancias, como melhorias na ilumina\u00e7\u00e3o e n\u00famero insuficiente de banheiro e bebedouros, mas tudo j\u00e1 foi encaminhado para a UGISP\u201d, conclui.<\/p>\n<p>O Parque Bot\u00e2nico Tulipas Professor Aziz Ab Saber fica na rua Ana Congani Bocal\u00e3o, 34, e funciona de segunda a segunda, das 7h \u00e0s 19h.<\/p>\n<p><em><strong>Assessoria de Imprensa<\/strong><\/em><br \/>\n<em><strong>Fotos: Prefeitura de Jundia\u00ed<\/strong><\/em><\/p>\n","protected":false},"excerpt":{"rendered":"<p>Foram feitas a reorganiza\u00e7\u00e3o do paisagismo, remo\u00e7\u00e3o das \u00e1rvores secas e replantio e ser\u00e1 inaugurada a brinquedoteca<\/p>\n","protected":false},"author":30,"featured_media":205774,"comment_status":"closed","ping_status":"closed","sticky":false,"template":"","format":"standard","meta":{"footnotes":""},"categories":[2],"tags":[66,985],"ods":[],"class_list":["post-205765","post","type-post","status-publish","format-standard","has-post-thumbnail","hentry","category-noticias","tag-dae","tag-infraestrutura-e-servicos-publicos"],"_links":{"self":[{"href":"https:\/\/jundiai.sp.gov.br\/noticias\/wp-json\/wp\/v2\/posts\/205765","targetHints":{"allow":["GET"]}}],"collection":[{"href":"https:\/\/jundiai.sp.gov.br\/noticias\/wp-json\/wp\/v2\/posts"}],"about":[{"href":"https:\/\/jundiai.sp.gov.br\/noticias\/wp-json\/wp\/v2\/types\/post"}],"author":[{"embeddable":true,"href":"https:\/\/jundiai.sp.gov.br\/noticias\/wp-json\/wp\/v2\/users\/30"}],"replies":[{"embeddable":true,"href":"https:\/\/jundiai.sp.gov.br\/noticias\/wp-json\/wp\/v2\/comments?post=205765"}],"version-history":[{"count":6,"href":"https:\/\/jundiai.sp.gov.br\/noticias\/wp-json\/wp\/v2\/posts\/205765\/revisions"}],"predecessor-version":[{"id":205775,"href":"https:\/\/jundiai.sp.gov.br\/noticias\/wp-json\/wp\/v2\/posts\/205765\/revisions\/205775"}],"wp:featuredmedia":[{"embeddable":true,"href":"https:\/\/jundiai.sp.gov.br\/noticias\/wp-json\/wp\/v2\/media\/205774"}],"wp:attachment":[{"href":"https:\/\/jundiai.sp.gov.br\/noticias\/wp-json\/wp\/v2\/media?parent=205765"}],"wp:term":[{"taxonomy":"category","embeddable":true,"href":"https:\/\/jundiai.sp.gov.br\/noticias\/wp-json\/wp\/v2\/categories?post=205765"},{"taxonomy":"post_tag","embeddable":true,"href":"https:\/\/jundiai.sp.gov.br\/noticias\/wp-json\/wp\/v2\/tags?post=205765"},{"taxonomy":"ods","embeddable":true,"href":"https:\/\/jundiai.sp.gov.br\/noticias\/wp-json\/wp\/v2\/ods?post=205765"}],"curies":[{"name":"wp","href":"https:\/\/api.w.org\/{rel}","templated":true}]}}