{"id":205832,"date":"2017-09-20T18:17:56","date_gmt":"2017-09-20T21:17:56","guid":{"rendered":"https:\/\/jundiai.sp.gov.br\/noticias\/?p=205832"},"modified":"2017-09-20T18:23:44","modified_gmt":"2017-09-20T21:23:44","slug":"atividades-alem-da-semana-do-idoso","status":"publish","type":"post","link":"https:\/\/jundiai.sp.gov.br\/noticias\/2017\/09\/20\/atividades-alem-da-semana-do-idoso\/","title":{"rendered":"Atividades al\u00e9m da Semana do Idoso"},"content":{"rendered":"<p><strong>Come\u00e7a na quinta-feira (21) a Semana do Idoso com atividades realizadas em v\u00e1rios equipamentos p\u00fablicos direcionadas para a terceira idade. Nas Unidades B\u00e1sicas de Sa\u00fade (UBSs) e nos Centros Educacionais, Culturais e Esportivos (CECEs) ser\u00e3o realizadas palestras, rodas de conversa, gin\u00e1stica e outras atividades. Mas a oferta de iniciativas direcionadas para a terceira idade n\u00e3o se restringem a esta semana. Os equipamentos da Plataforma de Sa\u00fade e Qualidade de Vida, que engloba a Unidade de Gest\u00e3o de Promo\u00e7\u00e3o da Sa\u00fade (UGPS) e a Unidade de Gest\u00e3o de Esporte e Lazer (UGEL), oferecem op\u00e7\u00f5es de atividades com foco na preven\u00e7\u00e3o e na promo\u00e7\u00e3o da sa\u00fade para pessoas acima de 60 anos durante todo o ano.<\/strong><\/p>\n<p>\u201cO servi\u00e7o das UBSs n\u00e3o \u00e9 direcionado apenas para cuidar de doen\u00e7as. O mais importante \u00e9 prevenir que as pessoas adoe\u00e7am. As atividades complementares para idoso em grupos, terapias e encontros ocorrem durante o ano inteiro. Basta ao mun\u00edcipe procurar a sua UBS e conhecer as a\u00e7\u00f5es realizadas. A Semana do Idoso \u00e9 uma amostra do que \u00e9 realizado\u201d, comenta o gestor da UGPS, Vagner Vilela. Entre as atividades dispon\u00edveis nas UBSs est\u00e3o arteterapia, lian gong, oficinas e grupos de discuss\u00e3o contra diabetes, hipertens\u00e3o, obesidade e depress\u00e3o.<\/p>\n<p><strong>LEIA TAMB\u00c9M<\/strong><br \/>\n<a href=\"https:\/\/jundiai.sp.gov.br\/noticias\/2017\/09\/19\/arte-como-terapia-muda-rotina-de-usuarios-da-ubs-esplanada\/\">Arte como terapia muda rotina de usu\u00e1rios da UBS Esplanada<\/a><\/p>\n<p><div id=\"attachment_205838\" style=\"width: 1250px\" class=\"wp-caption alignright\"><a href=\"https:\/\/jundiai.sp.gov.br\/noticias\/wp-content\/uploads\/sites\/32\/2017\/09\/ubs_agapeama-116.jpg\"><img loading=\"lazy\" decoding=\"async\" aria-describedby=\"caption-attachment-205838\" class=\"size-full wp-image-205838\" src=\"https:\/\/jundiai.sp.gov.br\/noticias\/wp-content\/uploads\/sites\/32\/2017\/09\/ubs_agapeama-116.jpg\" alt=\"\" width=\"1240\" height=\"886\" srcset=\"https:\/\/jundiai.sp.gov.br\/noticias\/wp-content\/uploads\/sites\/32\/2017\/09\/ubs_agapeama-116.jpg 1240w, https:\/\/jundiai.sp.gov.br\/noticias\/wp-content\/uploads\/sites\/32\/2017\/09\/ubs_agapeama-116-300x214.jpg 300w, https:\/\/jundiai.sp.gov.br\/noticias\/wp-content\/uploads\/sites\/32\/2017\/09\/ubs_agapeama-116-768x549.jpg 768w, https:\/\/jundiai.sp.gov.br\/noticias\/wp-content\/uploads\/sites\/32\/2017\/09\/ubs_agapeama-116-1160x829.jpg 1160w\" sizes=\"auto, (max-width: 1240px) 100vw, 1240px\" \/><\/a><p id=\"caption-attachment-205838\" class=\"wp-caption-text\">Atividades ocupacionais em CECEs e UBSs promovem a sa\u00fade e previnem doen\u00e7as<\/p><\/div><br \/>\nOs benef\u00edcios gerados pela pr\u00e1tica de atividades f\u00edsicas s\u00e3o inquestion\u00e1veis segundo o gestor da UGEL, Luiz Trientini. \u201cO esporte \u00e9 uma ferramenta de preserva\u00e7\u00e3o para a sa\u00fade, j\u00e1 que interfere n\u00e3o s\u00f3 na quest\u00e3o f\u00edsica, quanto na social, pois, esses grupos realizam atividades em conjunto como caf\u00e9 da manh\u00e3, confraterniza\u00e7\u00f5es, festas, bailes e viagens, al\u00e9m de viagens, para aqueles que participam do TIME Jundia\u00ed pelos Jogos Regionais do Idoso\u201d, salienta.<\/p>\n<p>Segundo estimativa da UGEL, existem 4 mil pessoas da terceira idade que realizam alguma atividade esportiva nos CECEs da cidade. Para participar das atividades, os idosos devem procurar um centro esportivo pr\u00f3ximo da resid\u00eancia e conhecer o que \u00e9 oferecido no local. H\u00e1 grupos de taekwondo, gin\u00e1stica, atletismo, nata\u00e7\u00e3o, damas, domin\u00f3, bocha entre outras.<\/p>\n<p><strong>Semana do Idoso<\/strong><br \/>\nCada equipamento p\u00fablico da plataforma tem a sua programa\u00e7\u00e3o espec\u00edfica, que pode ser visualizada nos pr\u00f3prios locais. No CECE Avelino Macedo, ao lado da UBS Esplanada, ser\u00e3o realizadas esta\u00e7\u00f5es com orienta\u00e7\u00e3o sobre v\u00e1rios temas, educador f\u00edsico, nutricionista e assistente social, quinta-feira (21) das 8h30 \u00e0s 10h.<\/p>\n<p>Na UBS Vila Comercial acontecer\u00e1, sexta-feira (22), caf\u00e9 da manh\u00e3 de prosa com a equipe multidisciplinar (m\u00e9dica, t\u00e9cnica em enfermagem, enfermeira, fisioterapeuta do N\u00facleo de Assist\u00eancia da Sa\u00fade da Fam\u00edlia -NASF e alunos da FMJ), na pra\u00e7a ao lado da UBS, a partir das 8h30.<\/p>\n<p>J\u00e1 a Unidade de Sa\u00fade da Fam\u00edlia (USF) da Vila Esperan\u00e7a realiza, na sexta-feira (29) \u00e0s 14h, bingo seguido por Baile da Primavera.<\/p>\n<p>Os idosos do bairro Eloy Chaves, na segunda-feira (25) \u00e0s 9h, poder\u00e3o participar de palestra com o m\u00e9dico Marcelo Romano sobre a mem\u00f3ria na terceira idade. Ainda durante a semana ser\u00e3o realizadas outras a\u00e7\u00f5es como visita ao Parque da Cidade, oficinas e encerramento com baile.<\/p>\n<p>Caminhada ser\u00e1 a a\u00e7\u00e3o de abertura da Semana do Idoso na UBS Jardim Tulipas, na segunda-feira (25), \u00e0s 8h, no Parque Bot\u00e2nico do bairro.<\/p>\n<p>No Centro de Conviv\u00eancia, Cultura, Trabalho e Gera\u00e7\u00e3o de Renda (Cecco), no Parque Continental, na ter\u00e7a-feira (26), a partir das 14h, ser\u00e1 realizado Baile da Primavera.<br \/>\n<strong><br \/>\n<em>Assessoria de Imprensa<br \/>\nFoto: Fot\u00f3grafos PMJ<\/em><\/strong><\/p>\n","protected":false},"excerpt":{"rendered":"<p>Come\u00e7a na quinta-feira (21) a Semana do Idoso com atividades realizadas em v\u00e1rios equipamentos p\u00fablicos direcionadas para a terceira idade. Nas Unidades B\u00e1sicas de Sa\u00fade (UBSs) e nos Centros Educacionais, Culturais e Esportivos (CECEs) ser\u00e3o realizadas palestras, rodas de conversa, gin\u00e1stica e outras atividades. Mas a oferta de iniciativas direcionadas para a terceira idade n\u00e3o [&hellip;]<\/p>\n","protected":false},"author":30,"featured_media":0,"comment_status":"closed","ping_status":"closed","sticky":false,"template":"","format":"standard","meta":{"footnotes":""},"categories":[2],"tags":[411,981,665],"ods":[],"class_list":["post-205832","post","type-post","status-publish","format-standard","hentry","category-noticias","tag-centro-esportivo","tag-promocao-da-saude","tag-unidade-basica-de-saude-ubs"],"_links":{"self":[{"href":"https:\/\/jundiai.sp.gov.br\/noticias\/wp-json\/wp\/v2\/posts\/205832","targetHints":{"allow":["GET"]}}],"collection":[{"href":"https:\/\/jundiai.sp.gov.br\/noticias\/wp-json\/wp\/v2\/posts"}],"about":[{"href":"https:\/\/jundiai.sp.gov.br\/noticias\/wp-json\/wp\/v2\/types\/post"}],"author":[{"embeddable":true,"href":"https:\/\/jundiai.sp.gov.br\/noticias\/wp-json\/wp\/v2\/users\/30"}],"replies":[{"embeddable":true,"href":"https:\/\/jundiai.sp.gov.br\/noticias\/wp-json\/wp\/v2\/comments?post=205832"}],"version-history":[{"count":5,"href":"https:\/\/jundiai.sp.gov.br\/noticias\/wp-json\/wp\/v2\/posts\/205832\/revisions"}],"predecessor-version":[{"id":205845,"href":"https:\/\/jundiai.sp.gov.br\/noticias\/wp-json\/wp\/v2\/posts\/205832\/revisions\/205845"}],"wp:attachment":[{"href":"https:\/\/jundiai.sp.gov.br\/noticias\/wp-json\/wp\/v2\/media?parent=205832"}],"wp:term":[{"taxonomy":"category","embeddable":true,"href":"https:\/\/jundiai.sp.gov.br\/noticias\/wp-json\/wp\/v2\/categories?post=205832"},{"taxonomy":"post_tag","embeddable":true,"href":"https:\/\/jundiai.sp.gov.br\/noticias\/wp-json\/wp\/v2\/tags?post=205832"},{"taxonomy":"ods","embeddable":true,"href":"https:\/\/jundiai.sp.gov.br\/noticias\/wp-json\/wp\/v2\/ods?post=205832"}],"curies":[{"name":"wp","href":"https:\/\/api.w.org\/{rel}","templated":true}]}}