{"id":205934,"date":"2017-09-21T18:21:25","date_gmt":"2017-09-21T21:21:25","guid":{"rendered":"https:\/\/jundiai.sp.gov.br\/noticias\/?p=205934"},"modified":"2017-09-21T18:21:46","modified_gmt":"2017-09-21T21:21:46","slug":"programacao-do-fim-de-semana-tem-encontros-literarios-e-conexao-cultural","status":"publish","type":"post","link":"https:\/\/jundiai.sp.gov.br\/noticias\/2017\/09\/21\/programacao-do-fim-de-semana-tem-encontros-literarios-e-conexao-cultural\/","title":{"rendered":"Fim de semana tem \u2018Encontros Liter\u00e1rios\u2019 e \u2018Conex\u00e3o Cultural\u2019"},"content":{"rendered":"<div id=\"attachment_205936\" style=\"width: 410px\" class=\"wp-caption alignleft\"><a href=\"https:\/\/jundiai.sp.gov.br\/noticias\/wp-content\/uploads\/sites\/32\/2017\/09\/sala_dos_relogios.jpg\"><img loading=\"lazy\" decoding=\"async\" aria-describedby=\"caption-attachment-205936\" class=\"size-full wp-image-205936\" src=\"https:\/\/jundiai.sp.gov.br\/noticias\/wp-content\/uploads\/sites\/32\/2017\/09\/sala_dos_relogios.jpg\" alt=\"\" width=\"400\" height=\"350\" \/><\/a><p id=\"caption-attachment-205936\" class=\"wp-caption-text\">Sala dos Rel\u00f3gios recebe a 3\u00ba Festa de Hist\u00f3rias pelos Encontros Liter\u00e1rios<\/p><\/div>\n<p><strong>A programa\u00e7\u00e3o cultural da cidade neste fim de semana traz a continua\u00e7\u00e3o das a\u00e7\u00f5es dos programas \u201cEncontros Liter\u00e1rios\u201d e \u201cConex\u00e3o Cultural\u201d, al\u00e9m dos hor\u00e1rios estendidos de abertura ao p\u00fablico, das 9h \u00e0s 16h, neste s\u00e1bado (23) e domingo (24), no Museu Hist\u00f3rico e Cultural \u2013 Solar do Bar\u00e3o, na Pinacoteca Di\u00f3genes Duarte Paes e no Museu da Cia. Paulista.<\/strong><\/p>\n<p>Pelo programa \u201cEncontros Liter\u00e1rios\u201d, a Sala dos Rel\u00f3gios do Complexo Fepasa recebe, nesta sexta-feira (22) e s\u00e1bado, a 3\u00aa Festa de Hist\u00f3rias. Em parceria com a Cia. na Ponta da L\u00edngua, a programa\u00e7\u00e3o difunde a arte de contar hist\u00f3rias e debate o oficio do contador, e para participar, os interessados devem se inscrever no telefone (11) 4522-4727 e retirar os ingressos gratuitos na Unidade de Gest\u00e3o de Cultura, que fica na avenida Uni\u00e3o dos Ferrovi\u00e1rios, 1760, Complexo Fepasa.<\/p>\n<p><strong>LEIA TAMB\u00c9M<\/strong><br \/>\n<a href=\"https:\/\/jundiai.sp.gov.br\/noticias\/2017\/09\/21\/complexo-fepasa-recebe-seminario-sobre-gestao-cultural-na-quinta-28\/\">Complexo Fepasa recebe semin\u00e1rio sobre gest\u00e3o cultural na quinta (28)<\/a><br \/>\n<a href=\"https:\/\/jundiai.sp.gov.br\/noticias\/2017\/09\/21\/encontro-de-corais-de-jundiai-esta-com-inscricoes-abertas\/?preview_id=205924&#038;preview_nonce=c68eb15379&#038;_thumbnail_id=-1&#038;preview=true\">Encontro de Corais de Jundia\u00ed est\u00e1 com inscri\u00e7\u00f5es abertas<\/a><\/p>\n<p>A programa\u00e7\u00e3o da sexta-feira come\u00e7a \u00e0s 19h, com abertura oficial, seguida das participa\u00e7\u00f5es de Giba Pedrosa e Helena Ritto (Quintal da Cultura), \u00e0s 19h30, e coquetel a partir das 20h30.<\/p>\n<p>J\u00e1 no s\u00e1bado, o programa come\u00e7a com Roda de Prosa, um bate-papo com hist\u00f3rias de Regina Machado, Kelly Orasi e Paulo Freire, e media\u00e7\u00e3o de Diana Beatriz. As inscri\u00e7\u00f5es devem ser feitas\u00a0<strong><a href=\"https:\/\/docs.google.com\/forms\/d\/e\/1FAIpQLSf1fraFqZMTRDFTMBvPOeEBon2fQEwGtI8oExVag6GTVDB3Uw\/viewform\" target=\"_blank\" rel=\"noopener noreferrer\">online<\/a><\/strong>. A programa\u00e7\u00e3o segue \u00e0s 14h com apresenta\u00e7\u00e3o do Coral Divino Infantil; \u00e0s 14h30, com Kelly Orasi e Marcos Coin; \u00e0s 15h, com Cris Miguel (Ba\u00fa de Hist\u00f3rias da TV Cultura); \u00e0s 16h, com Regina Machado; \u00e0s 16h30, com Paulo Federal; \u00e0s 17h, com Mafuane Oliveira. Das 17h30 \u00e0s 18h30, est\u00e1 marcada uma roda de hist\u00f3rias volunt\u00e1ria, e programa\u00e7\u00e3o segue \u00e0s 19h, com Paulo Freire; \u00e0s 19h30, com Diana Beatriz; e encerra-se com \u201cNa Ponta da L\u00edngua\u201d, \u00e0s 20h.<\/p>\n<p>Tamb\u00e9m pelos \u201cEncontros Liter\u00e1rios\u201d, no s\u00e1bado, das 9h \u00e0s 16h, o cal\u00e7ad\u00e3o da rua Bar\u00e3o de Jundia\u00ed e os jardins do Solar recebem um Varal de Poesias. Interven\u00e7\u00e3o ir\u00e1 contar com a participa\u00e7\u00e3o dos autores das academias liter\u00e1rias da cidade, que ir\u00e3o pendurar textos de sua autoria em varais para compartilh\u00e1-los com a popula\u00e7\u00e3o.<\/p>\n<p>Em continua\u00e7\u00e3o \u00e0 grafitagem iniciada pelo Conex\u00e3o Cultural no Terminal Eloy Chaves, o muro de cerca de 70 metros localizado em frente ao terminal receber\u00e1 a mesma interven\u00e7\u00e3o art\u00edstica, neste s\u00e1bado, das 9h \u00e0s 17h. A a\u00e7\u00e3o conjunta das Unidades de Gest\u00e3o de Cultura e de Mobilidade e Transporte foi batizada de \u201cSopa de Letras\u201d e contar\u00e1 com a participa\u00e7\u00e3o de cerca de 40 grafiteiros, profissionais e amadores, e m\u00fasicos.<\/p>\n<p><strong>Museu Hist\u00f3rico e Cultural \u2013 Solar do Bar\u00e3o<\/strong><br \/>\nAl\u00e9m do Varal de Poesias no cal\u00e7ad\u00e3o da Bar\u00e3o e nos jardins do Solar, recentemente revitalizados e com novo projeto paisag\u00edstico, o Museu tamb\u00e9m traz como destaque a exposi\u00e7\u00e3o \u201cMem\u00f3rias, of\u00edcios e saberes dos trabalhadores\u201d, que conta a hist\u00f3ria dos trabalhadores envolvidos nas principais atividades econ\u00f4micas fortalecidas na cidade.<\/p>\n<p>O Museu est\u00e1 localizado na rua Bar\u00e3o de Jundia\u00ed, 762, e seus telefones para contato s\u00e3o 4521-6259 e 4586-8414.<\/p>\n<p><strong>Pinacoteca Di\u00f3genes Duarte Paes<\/strong><br \/>\nAl\u00e9m de sua mostra permanente, a Pinacoteca traz a exposi\u00e7\u00e3o \u201cCores e Formas\u201d, da artista pl\u00e1stica Alice Vilhena, com telas em que, atrav\u00e9s de t\u00e9cnicas de luz e sombra sobre formas quadriculadas e listradas, a artista trabalha com volume e reflete seu percurso e estilo art\u00edsticos.<\/p>\n<p>Outros destaques da Pinacoteca s\u00e3o os quadros em \u00f3leo sobre compensado mar\u00edtimo \u201cRessurrei\u00e7\u00e3o de L\u00e1zaro\u201d, \u201cVia Crucis\u201d, \u201cPiet\u00e1\u201d, \u201cCristo\u201d e \u201cS\u00e3o Francisco\u201d do artista \u00edtalo-jundiaiense Inos Corradin, recentemente restaurados.<br \/>\nA Pinacoteca fica na Rua Bar\u00e3o de Jundia\u00ed, 109, Centro, e o telefone para contato \u00e9 (11) 4586-2326.<\/p>\n<div id=\"attachment_205938\" style=\"width: 410px\" class=\"wp-caption alignright\"><a href=\"https:\/\/jundiai.sp.gov.br\/noticias\/wp-content\/uploads\/sites\/32\/2017\/09\/brechas_danos-e-certezas-4.jpg\"><img loading=\"lazy\" decoding=\"async\" aria-describedby=\"caption-attachment-205938\" class=\"size-full wp-image-205938\" src=\"https:\/\/jundiai.sp.gov.br\/noticias\/wp-content\/uploads\/sites\/32\/2017\/09\/brechas_danos-e-certezas-4.jpg\" alt=\"\" width=\"400\" height=\"350\" \/><\/a><p id=\"caption-attachment-205938\" class=\"wp-caption-text\">\u201cBrechas: danos e certezas\u201d \u00e9 uma exposi\u00e7\u00e3o coletiva de 24 artistas da regi\u00e3o<\/p><\/div>\n<p><strong>Teatro Polytheama e Galeria de Arte Fernanda Perracini Milani<\/strong><br \/>\nO Teatro Polytheama segue com a sua programa\u00e7\u00e3o regular para o m\u00eas de setembro. A bilheteria para os espet\u00e1culos fica aberta nesta sexta-feira (22), das 13h \u00e0s 17h, e neste s\u00e1bado (23) e domingo (24), das 14h \u00e0s 17h. Como h\u00e1 espet\u00e1culos nas tr\u00eas noites, a bilheteria estende seu funcionamento at\u00e9 o in\u00edcio de cada apresenta\u00e7\u00e3o para venda exclusiva dos respectivos espet\u00e1culos.<\/p>\n<p>J\u00e1 na Galeria de Arte segue neste s\u00e1bado (23), das 9h \u00e0s 13h, a exposi\u00e7\u00e3o da mostra coletiva \u201cBrechas: danos e certezas\u201d, com pinturas, desenhos, esculturas, objetos e fotografias de 24 artistas.<\/p>\n<p>O Teatro e a Galeria de Arte ficam na rua Bar\u00e3o de Jundia\u00ed, 176, Centro.<\/p>\n<p>A programa\u00e7\u00e3o do fim de semana e toda a agenda cultural da cidade podem ser consultadas no Aplicativo Jundia\u00ed, ferramenta que facilita o acesso dos cidad\u00e3os aos servi\u00e7os da Prefeitura, e fica dispon\u00edvel para ser baixado no\u00a0<strong><a href=\"https:\/\/jundiai.sp.gov.br\/aplicativo-prefeitura-de-jundiai\/\" target=\"_blank\" rel=\"noopener noreferrer\">site<\/a><\/strong>.<\/p>\n<p><em><strong>Assessoria de Imprensa<\/strong><\/em><br \/>\n<em><strong> Fotos: Fot\u00f3grafos PMJ<\/strong><\/em><\/p>\n","protected":false},"excerpt":{"rendered":"<p>Museus e Pinacoteca ficam abertos ao p\u00fablico com hor\u00e1rio de atendimento estendido aos finais de semana, das 9h \u00e0s 16h<\/p>\n","protected":false},"author":30,"featured_media":205952,"comment_status":"closed","ping_status":"closed","sticky":false,"template":"","format":"standard","meta":{"footnotes":""},"categories":[2],"tags":[29,56,290,370,98],"ods":[],"class_list":["post-205934","post","type-post","status-publish","format-standard","has-post-thumbnail","hentry","category-noticias","tag-cultura","tag-galeria-de-arte-fernanda-perracini-milani","tag-museu-historico-e-cultural-solar-do-barao","tag-pinacoteca-municipal-diogenes-duarte-paes","tag-teatro-polytheama"],"_links":{"self":[{"href":"https:\/\/jundiai.sp.gov.br\/noticias\/wp-json\/wp\/v2\/posts\/205934","targetHints":{"allow":["GET"]}}],"collection":[{"href":"https:\/\/jundiai.sp.gov.br\/noticias\/wp-json\/wp\/v2\/posts"}],"about":[{"href":"https:\/\/jundiai.sp.gov.br\/noticias\/wp-json\/wp\/v2\/types\/post"}],"author":[{"embeddable":true,"href":"https:\/\/jundiai.sp.gov.br\/noticias\/wp-json\/wp\/v2\/users\/30"}],"replies":[{"embeddable":true,"href":"https:\/\/jundiai.sp.gov.br\/noticias\/wp-json\/wp\/v2\/comments?post=205934"}],"version-history":[{"count":7,"href":"https:\/\/jundiai.sp.gov.br\/noticias\/wp-json\/wp\/v2\/posts\/205934\/revisions"}],"predecessor-version":[{"id":205954,"href":"https:\/\/jundiai.sp.gov.br\/noticias\/wp-json\/wp\/v2\/posts\/205934\/revisions\/205954"}],"wp:featuredmedia":[{"embeddable":true,"href":"https:\/\/jundiai.sp.gov.br\/noticias\/wp-json\/wp\/v2\/media\/205952"}],"wp:attachment":[{"href":"https:\/\/jundiai.sp.gov.br\/noticias\/wp-json\/wp\/v2\/media?parent=205934"}],"wp:term":[{"taxonomy":"category","embeddable":true,"href":"https:\/\/jundiai.sp.gov.br\/noticias\/wp-json\/wp\/v2\/categories?post=205934"},{"taxonomy":"post_tag","embeddable":true,"href":"https:\/\/jundiai.sp.gov.br\/noticias\/wp-json\/wp\/v2\/tags?post=205934"},{"taxonomy":"ods","embeddable":true,"href":"https:\/\/jundiai.sp.gov.br\/noticias\/wp-json\/wp\/v2\/ods?post=205934"}],"curies":[{"name":"wp","href":"https:\/\/api.w.org\/{rel}","templated":true}]}}