{"id":205955,"date":"2017-09-21T18:37:45","date_gmt":"2017-09-21T21:37:45","guid":{"rendered":"https:\/\/jundiai.sp.gov.br\/noticias\/?p=205955"},"modified":"2017-09-21T18:40:12","modified_gmt":"2017-09-21T21:40:12","slug":"na-abertura-da-semana-do-idoso-prefeito-destaca-qualidade-de-vida-no-municipio","status":"publish","type":"post","link":"https:\/\/jundiai.sp.gov.br\/noticias\/2017\/09\/21\/na-abertura-da-semana-do-idoso-prefeito-destaca-qualidade-de-vida-no-municipio\/","title":{"rendered":"Semana do Idoso: prefeito destaca qualidade de vida no Munic\u00edpio"},"content":{"rendered":"<p><div id=\"attachment_205956\" style=\"width: 410px\" class=\"wp-caption alignleft\"><a href=\"https:\/\/jundiai.sp.gov.br\/noticias\/wp-content\/uploads\/sites\/32\/2017\/09\/dpf1846.jpg\"><img loading=\"lazy\" decoding=\"async\" aria-describedby=\"caption-attachment-205956\" src=\"https:\/\/jundiai.sp.gov.br\/noticias\/wp-content\/uploads\/sites\/32\/2017\/09\/dpf1846.jpg\" alt=\"\" width=\"400\" height=\"350\" class=\"size-full wp-image-205956\" \/><\/a><p id=\"caption-attachment-205956\" class=\"wp-caption-text\">Prefeito destacou excelentes \u00edndices de qualidade de vida no Munic\u00edpio<br \/><\/p><\/div><strong>Em evento de abertura da Semana do Idoso, que oferece uma s\u00e9rie de atividades voltadas \u00e0 Terceira Idade, de amanh\u00e3 (22) at\u00e9 quarta-feira (27), o prefeito Luiz Fernando Machado lembrou que Jundia\u00ed foi eleita a 7\u00aa melhor cidade do Brasil para envelhecer, segundo uma pesquisa do Instituto de Longevidade Mongeral Aegon em parceria com a Funda\u00e7\u00e3o Get\u00falio Vargas. \u201cQuero aproveitar para agradecer a todos voc\u00eas aqui presentes que com certeza contribu\u00edram para que Jundia\u00ed alcan\u00e7asse excelentes \u00edndices em todas as \u00e1reas ao longo dos anos\u201d, disse.<\/strong><\/p>\n<p><a href=\"https:\/\/jundiai.sp.gov.br\/semana-do-idoso\/\">CONFIRA A PROGRAMA\u00c7\u00c3O COMPLETA<\/a><\/p>\n<p>No in\u00edcio da cerim\u00f4nia, foi apresentado um v\u00eddeo em homenagem aos atletas de Jundia\u00ed que ficaram em segundo lugar nos Jogos Regionais do Idoso (JORI) deste ano. Presente \u00e0 cerim\u00f4nia, o assessor municipal de Pol\u00edticas para o Idoso, Vit\u00f3rio \u00c2ngelo Durigati, parabenizou os participantes pelo resultado. \u201cDesde o in\u00edcio do ano, temos trabalhado intensamente para ampliar as atividades realizadas nos centros esportivos. Acreditamos muito no esporte como ferramenta de intera\u00e7\u00e3o social e melhoria da sa\u00fade\u201d, destacou.<\/p>\n<p>Tamb\u00e9m participaram da cerim\u00f4nia o vice-prefeito, Dr. Pacheco, e a primeira-dama e presidente do Fundo Social de Solidariedade, Vanessa Machado.<\/p>\n<p>As atividades da Semana Municipal do Idoso come\u00e7am nesta sexta-feira (22), com uma caminhada na Pra\u00e7a P\u00f4r do Sol (Parque da Cidade), seguido de um piquenique comunit\u00e1rio. \u00c0 tarde, \u00e0s 14h, haver\u00e1 show de Toninho Claretti e, \u00e0s 15h, apresenta\u00e7\u00e3o da dupla sertaneja Rodrigo Lessa e Miguel. Durante todo o dia, funcion\u00e1rios da Unidade de Promo\u00e7\u00e3o da Sa\u00fade estar\u00e3o no local realizando aferi\u00e7\u00e3o de press\u00e3o arterial.<\/p>\n<p>A programa\u00e7\u00e3o completa pode ser conferida\u00a0<a href=\"https:\/\/jundiai.sp.gov.br\/semana-do-idoso\/\">neste link<\/a>.<\/p>\n<p><em><strong>Assessoria de Imprensa<br \/>\nFoto: Fot\u00f3grafos PMJ<\/strong><\/em><\/p>\n","protected":false},"excerpt":{"rendered":"<p>Abertura ocorreu nesta quinta (21). As atividades come\u00e7am na sexta com uma caminhada no Parque da Cidade, seguido de um piquenique comunit\u00e1rio<\/p>\n","protected":false},"author":30,"featured_media":205961,"comment_status":"closed","ping_status":"closed","sticky":false,"template":"","format":"standard","meta":{"footnotes":""},"categories":[2],"tags":[988,62,749,58,981],"ods":[],"class_list":["post-205955","post","type-post","status-publish","format-standard","has-post-thumbnail","hentry","category-noticias","tag-assessoria-de-politicas-para-o-idoso","tag-casa-civil","tag-jogos-regionais-do-idoso","tag-prefeito","tag-promocao-da-saude"],"_links":{"self":[{"href":"https:\/\/jundiai.sp.gov.br\/noticias\/wp-json\/wp\/v2\/posts\/205955","targetHints":{"allow":["GET"]}}],"collection":[{"href":"https:\/\/jundiai.sp.gov.br\/noticias\/wp-json\/wp\/v2\/posts"}],"about":[{"href":"https:\/\/jundiai.sp.gov.br\/noticias\/wp-json\/wp\/v2\/types\/post"}],"author":[{"embeddable":true,"href":"https:\/\/jundiai.sp.gov.br\/noticias\/wp-json\/wp\/v2\/users\/30"}],"replies":[{"embeddable":true,"href":"https:\/\/jundiai.sp.gov.br\/noticias\/wp-json\/wp\/v2\/comments?post=205955"}],"version-history":[{"count":6,"href":"https:\/\/jundiai.sp.gov.br\/noticias\/wp-json\/wp\/v2\/posts\/205955\/revisions"}],"predecessor-version":[{"id":205963,"href":"https:\/\/jundiai.sp.gov.br\/noticias\/wp-json\/wp\/v2\/posts\/205955\/revisions\/205963"}],"wp:featuredmedia":[{"embeddable":true,"href":"https:\/\/jundiai.sp.gov.br\/noticias\/wp-json\/wp\/v2\/media\/205961"}],"wp:attachment":[{"href":"https:\/\/jundiai.sp.gov.br\/noticias\/wp-json\/wp\/v2\/media?parent=205955"}],"wp:term":[{"taxonomy":"category","embeddable":true,"href":"https:\/\/jundiai.sp.gov.br\/noticias\/wp-json\/wp\/v2\/categories?post=205955"},{"taxonomy":"post_tag","embeddable":true,"href":"https:\/\/jundiai.sp.gov.br\/noticias\/wp-json\/wp\/v2\/tags?post=205955"},{"taxonomy":"ods","embeddable":true,"href":"https:\/\/jundiai.sp.gov.br\/noticias\/wp-json\/wp\/v2\/ods?post=205955"}],"curies":[{"name":"wp","href":"https:\/\/api.w.org\/{rel}","templated":true}]}}