{"id":206288,"date":"2017-09-27T12:41:48","date_gmt":"2017-09-27T15:41:48","guid":{"rendered":"https:\/\/jundiai.sp.gov.br\/noticias\/?p=206288"},"modified":"2017-09-27T14:53:15","modified_gmt":"2017-09-27T17:53:15","slug":"centro-de-linguas-recebe-inscricao-ate-sexta-feira-29","status":"publish","type":"post","link":"https:\/\/jundiai.sp.gov.br\/noticias\/2017\/09\/27\/centro-de-linguas-recebe-inscricao-ate-sexta-feira-29\/","title":{"rendered":"Centro de L\u00ednguas recebe inscri\u00e7\u00e3o at\u00e9 sexta-feira (29)"},"content":{"rendered":"<p><strong>O Centro Municipal de L\u00ednguas e de Tecnologia da Informa\u00e7\u00e3o \u201cAntonio Houaiss\u201d recebe, at\u00e9 sexta-feira (29), inscri\u00e7\u00f5es para os cursos de l\u00ednguas estrangeiras: ingl\u00eas, espanhol, franc\u00eas e italiano. Os interessados podem se inscrever pelo\u00a0site da Prefeitura de Jundia\u00ed\u00a0ou pessoalmente na escola, localizada na avenida Dr. Cavalcanti, 396, Vila Arens (Complexo Argos). O atendimento \u00e9 de segunda a quinta-feira, das 8h \u00e0s 18h30, e \u00e0s sextas-feiras, das 8h \u00e0s 17h30. O edital com todas as informa\u00e7\u00f5es est\u00e1 publicado na\u00a0<a href=\"http:\/\/imprensaoficial.jundiai.sp.gov.br\/edicao-4305\/\" target=\"_blank\" rel=\"noopener noreferrer\">Imprensa Oficial do dia 13 de setembro, p\u00e1gina 39<\/a>.<\/strong><\/p>\n<p><a href=\"https:\/\/web.cijun.sp.gov.br\/pmj\/li\/inicio.aspx?Cdcentro=1\" target=\"_blank\" rel=\"noopener noreferrer\">FA\u00c7A SUA INSCRI\u00c7\u00c3O<\/a><\/p>\n<p>Para efetuar a inscri\u00e7\u00e3o, \u00e9 necess\u00e1rio ter 14 anos ou mais, morar em Jundia\u00ed, ter conclu\u00eddo o Ensino Fundamental ou estar cursando em conformidade com a idade-ano e indicar um endere\u00e7o eletr\u00f4nico (e-mail).<\/p>\n<p><strong>LEIA TAMB\u00c9M<\/strong><br \/>\n<a href=\"https:\/\/jundiai.sp.gov.br\/noticias\/2017\/09\/26\/vencedores-da-olimpiada-de-redacao-serao-conhecidos-sexta-feira-29\/\">Vencedores da Olimp\u00edada de Reda\u00e7\u00e3o ser\u00e3o conhecidos sexta-feira (29)<\/a><\/p>\n<p>Os candidatos podem se inscrever em apenas um idioma e per\u00edodo, ficando automaticamente cancelada a segunda inscri\u00e7\u00e3o. N\u00e3o podem se inscrever alunos atualmente matriculados na escola e, ap\u00f3s conclus\u00e3o ou desist\u00eancia de curso no Centro de L\u00ednguas, o interessado deve respeitar o intervalo de dois anos para nova inscri\u00e7\u00e3o.<\/p>\n<p><strong>Crit\u00e9rio<\/strong><br \/>\nDa totalidade das vagas, 40% s\u00e3o destinadas aos candidatos que optarem por se inscrever pela categoria sorteio. O restante das vagas \u2013 60% \u2013 \u00e9 destinado \u00e0 categoria classifica\u00e7\u00e3o, que considera, por ordem crescente, o sal\u00e1rio base do m\u00eas de julho\/2017, at\u00e9 o teto de tr\u00eas sal\u00e1rios m\u00ednimos.<\/p>\n<p><strong>Documenta\u00e7\u00e3o<\/strong><br \/>\nNo ato da matr\u00edcula, o candidato inscrito por meio da internet ou pessoalmente dever\u00e1 comprovar todas as informa\u00e7\u00f5es declaradas na inscri\u00e7\u00e3o. Para tal ser\u00e1 necess\u00e1rio apresentar c\u00f3pia e original dos documentos:<\/p>\n<ol>\n<li>C\u00e9dula de Identidade (RG);<\/li>\n<li>Cadastro de Pessoa F\u00edsica (CPF);<\/li>\n<li>Comprovante de escolaridade, exceto para maiores de 60 anos;<\/li>\n<li>Comprovante atual de resid\u00eancia em Jundia\u00ed, com CEP, no nome do candidato ou de seu representante legal;<\/li>\n<li>Comprovante de renda, conforme situa\u00e7\u00e3o apresentada (apenas para os inscritos na categoria classifica\u00e7\u00e3o);<\/li>\n<li>Uma foto 3 X 4.<\/li>\n<\/ol>\n<p>O Centro de L\u00ednguas \u00e9 um \u00f3rg\u00e3o da Unidade de Gest\u00e3o de Educa\u00e7\u00e3o.<\/p>\n<p><em><strong>Assessoria de Imprensa<\/strong><\/em><\/p>\n","protected":false},"excerpt":{"rendered":"<p>Os interessados podem se inscrever online\u00a0ou pessoalmente na escola para os cursos de ingl\u00eas, espanhol, franc\u00eas e italiano<\/p>\n","protected":false},"author":30,"featured_media":180073,"comment_status":"closed","ping_status":"closed","sticky":false,"template":"","format":"standard","meta":{"footnotes":""},"categories":[2],"tags":[336,419,6],"ods":[],"class_list":["post-206288","post","type-post","status-publish","format-standard","has-post-thumbnail","hentry","category-noticias","tag-centro-de-linguas-e-tecnologia-da-informacao","tag-complexo-argos","tag-educacao"],"_links":{"self":[{"href":"https:\/\/jundiai.sp.gov.br\/noticias\/wp-json\/wp\/v2\/posts\/206288","targetHints":{"allow":["GET"]}}],"collection":[{"href":"https:\/\/jundiai.sp.gov.br\/noticias\/wp-json\/wp\/v2\/posts"}],"about":[{"href":"https:\/\/jundiai.sp.gov.br\/noticias\/wp-json\/wp\/v2\/types\/post"}],"author":[{"embeddable":true,"href":"https:\/\/jundiai.sp.gov.br\/noticias\/wp-json\/wp\/v2\/users\/30"}],"replies":[{"embeddable":true,"href":"https:\/\/jundiai.sp.gov.br\/noticias\/wp-json\/wp\/v2\/comments?post=206288"}],"version-history":[{"count":6,"href":"https:\/\/jundiai.sp.gov.br\/noticias\/wp-json\/wp\/v2\/posts\/206288\/revisions"}],"predecessor-version":[{"id":206294,"href":"https:\/\/jundiai.sp.gov.br\/noticias\/wp-json\/wp\/v2\/posts\/206288\/revisions\/206294"}],"wp:featuredmedia":[{"embeddable":true,"href":"https:\/\/jundiai.sp.gov.br\/noticias\/wp-json\/wp\/v2\/media\/180073"}],"wp:attachment":[{"href":"https:\/\/jundiai.sp.gov.br\/noticias\/wp-json\/wp\/v2\/media?parent=206288"}],"wp:term":[{"taxonomy":"category","embeddable":true,"href":"https:\/\/jundiai.sp.gov.br\/noticias\/wp-json\/wp\/v2\/categories?post=206288"},{"taxonomy":"post_tag","embeddable":true,"href":"https:\/\/jundiai.sp.gov.br\/noticias\/wp-json\/wp\/v2\/tags?post=206288"},{"taxonomy":"ods","embeddable":true,"href":"https:\/\/jundiai.sp.gov.br\/noticias\/wp-json\/wp\/v2\/ods?post=206288"}],"curies":[{"name":"wp","href":"https:\/\/api.w.org\/{rel}","templated":true}]}}