{"id":206438,"date":"2017-09-29T17:42:51","date_gmt":"2017-09-29T20:42:51","guid":{"rendered":"https:\/\/jundiai.sp.gov.br\/noticias\/?p=206438"},"modified":"2017-09-29T17:42:51","modified_gmt":"2017-09-29T20:42:51","slug":"passagem-entre-o-jardim-botanico-e-o-parque-da-cidade-e-temporariamente-fechada","status":"publish","type":"post","link":"https:\/\/jundiai.sp.gov.br\/noticias\/2017\/09\/29\/passagem-entre-o-jardim-botanico-e-o-parque-da-cidade-e-temporariamente-fechada\/","title":{"rendered":"Passagem entre o Jardim Bot\u00e2nico e o Parque da Cidade \u00e9 temporariamente fechada"},"content":{"rendered":"<p><strong>A passagem entre o Jardim Bot\u00e2nico e o Parque da Cidade, via ciclovia, ser\u00e1 fechada enquanto ocorrer a obra de limpeza da Represa. A medida \u00e9 necess\u00e1ria para garantir seguran\u00e7a aos usu\u00e1rios \u2013 ciclistas e pedestres \u2013 e ser\u00e1 implantada a partir desta segunda-feira (2). O fechamento ocorrer\u00e1 at\u00e9 o fim da obra, que deve ser conclu\u00edda em 90 dias.<\/strong><\/p>\n<p>Os usu\u00e1rios poder\u00e3o acessar a ciclovia pelo Parque da Cidade e pelo Jardim Bot\u00e2nico, entretanto, n\u00e3o conseguir\u00e3o ir de um local ao outro. \u201cEm fun\u00e7\u00e3o da limpeza da represa a movimenta\u00e7\u00e3o de caminh\u00f5es ali \u00e9 grande. \u00c9 uma medida de seguran\u00e7a para quem usa a ciclovia\u201d, explica o diretor de Mananciais da DAE, Martim Ribeiro.<\/p>\n<p><strong>LEIA TAMB\u00c9M<\/strong><br \/>\n<a href=\"https:\/\/jundiai.sp.gov.br\/noticias\/2017\/09\/29\/especialista-fala-para-gestores-sobre-fortalecimento-dos-municipios\/\">Especialista fala para gestores sobre fortalecimento dos munic\u00edpios<\/a><\/p>\n<p>Segundo o gerente de Seguran\u00e7a do Trabalho da DAE, Jos\u00e9 Dib Junior, todo o local j\u00e1 est\u00e1 sinalizado. \u201cAl\u00e9m disso, por motivos de seguran\u00e7a, ser\u00e1 fechado tamb\u00e9m o acesso de pedestres ao Parque da Cidade pela rua Tiradentes, no Horto Florestal\u201d, afirma.<\/p>\n<p>A DAE informa que o aluguel de bicicletas, coordenado pelo Programa de Esportes e Atividades Motoras Adaptadas (Peama), continuar\u00e1 funcionando \u00e0s sextas, s\u00e1bados e domingos, entretanto, o passeio ocorrer\u00e1 apenas dentro do Parque da Cidade.<\/p>\n<p><em><strong>Assessoria de Comunica\u00e7\u00e3o \u2013 DAE Jundia\u00ed<\/strong><\/em><\/p>\n","protected":false},"excerpt":{"rendered":"<p>A passagem entre o Jardim Bot\u00e2nico e o Parque da Cidade, via ciclovia, ser\u00e1 fechada enquanto ocorrer a obra de limpeza da Represa. A medida \u00e9 necess\u00e1ria para garantir seguran\u00e7a aos usu\u00e1rios \u2013 ciclistas e pedestres \u2013 e ser\u00e1 implantada a partir desta segunda-feira (2). O fechamento ocorrer\u00e1 at\u00e9 o fim da obra, que deve [&hellip;]<\/p>\n","protected":false},"author":30,"featured_media":147779,"comment_status":"closed","ping_status":"closed","sticky":false,"template":"","format":"standard","meta":{"footnotes":""},"categories":[2],"tags":[66,322,47],"ods":[],"class_list":["post-206438","post","type-post","status-publish","format-standard","has-post-thumbnail","hentry","category-noticias","tag-dae","tag-jardim-botanico","tag-parque-da-cidade"],"_links":{"self":[{"href":"https:\/\/jundiai.sp.gov.br\/noticias\/wp-json\/wp\/v2\/posts\/206438","targetHints":{"allow":["GET"]}}],"collection":[{"href":"https:\/\/jundiai.sp.gov.br\/noticias\/wp-json\/wp\/v2\/posts"}],"about":[{"href":"https:\/\/jundiai.sp.gov.br\/noticias\/wp-json\/wp\/v2\/types\/post"}],"author":[{"embeddable":true,"href":"https:\/\/jundiai.sp.gov.br\/noticias\/wp-json\/wp\/v2\/users\/30"}],"replies":[{"embeddable":true,"href":"https:\/\/jundiai.sp.gov.br\/noticias\/wp-json\/wp\/v2\/comments?post=206438"}],"version-history":[{"count":2,"href":"https:\/\/jundiai.sp.gov.br\/noticias\/wp-json\/wp\/v2\/posts\/206438\/revisions"}],"predecessor-version":[{"id":206440,"href":"https:\/\/jundiai.sp.gov.br\/noticias\/wp-json\/wp\/v2\/posts\/206438\/revisions\/206440"}],"wp:featuredmedia":[{"embeddable":true,"href":"https:\/\/jundiai.sp.gov.br\/noticias\/wp-json\/wp\/v2\/media\/147779"}],"wp:attachment":[{"href":"https:\/\/jundiai.sp.gov.br\/noticias\/wp-json\/wp\/v2\/media?parent=206438"}],"wp:term":[{"taxonomy":"category","embeddable":true,"href":"https:\/\/jundiai.sp.gov.br\/noticias\/wp-json\/wp\/v2\/categories?post=206438"},{"taxonomy":"post_tag","embeddable":true,"href":"https:\/\/jundiai.sp.gov.br\/noticias\/wp-json\/wp\/v2\/tags?post=206438"},{"taxonomy":"ods","embeddable":true,"href":"https:\/\/jundiai.sp.gov.br\/noticias\/wp-json\/wp\/v2\/ods?post=206438"}],"curies":[{"name":"wp","href":"https:\/\/api.w.org\/{rel}","templated":true}]}}