{"id":206570,"date":"2017-10-02T17:35:23","date_gmt":"2017-10-02T20:35:23","guid":{"rendered":"https:\/\/jundiai.sp.gov.br\/noticias\/?p=206570"},"modified":"2017-10-02T17:35:36","modified_gmt":"2017-10-02T20:35:36","slug":"pinacoteca-recebe-workshop-gratuito-de-pintura-de-quadros-neste-sabado-7","status":"publish","type":"post","link":"https:\/\/jundiai.sp.gov.br\/noticias\/2017\/10\/02\/pinacoteca-recebe-workshop-gratuito-de-pintura-de-quadros-neste-sabado-7\/","title":{"rendered":"Pinacoteca recebe workshop gratuito de pintura de quadros neste s\u00e1bado"},"content":{"rendered":"<div id=\"attachment_206572\" style=\"width: 410px\" class=\"wp-caption alignleft\"><a href=\"https:\/\/jundiai.sp.gov.br\/noticias\/wp-content\/uploads\/sites\/32\/2017\/10\/cores_e_formas_pinacoteca.jpg\"><img loading=\"lazy\" decoding=\"async\" aria-describedby=\"caption-attachment-206572\" class=\"size-full wp-image-206572\" src=\"https:\/\/jundiai.sp.gov.br\/noticias\/wp-content\/uploads\/sites\/32\/2017\/10\/cores_e_formas_pinacoteca.jpg\" alt=\"\" width=\"400\" height=\"350\" \/><\/a><p id=\"caption-attachment-206572\" class=\"wp-caption-text\">Telas de \u201cCores e Formas\u201d trazem trabalho com volume e perspectiva atrav\u00e9s t\u00e9cnicas sobre formas<\/p><\/div>\n<p><strong>A Pinacoteca Di\u00f3genes Duarte Paes recebe neste s\u00e1bado (7), das 9h30 \u00e0s 11h30, um workshop aberto ao p\u00fablico em geral com a artista pl\u00e1stica Alice Vilhena. Autora de \u201cCores e Formas\u201d, que fica exposta na Pinacoteca at\u00e9 o domingo (15). Alice ir\u00e1 promover um bate papo com os participantes sobre o seu percurso art\u00edstico, sobre Hist\u00f3ria da Arte, t\u00e9cnicas de pintura e concluir\u00e1 a oficina pintando um retrato \u201calla prima\u201d, que \u00e9\u00a0o tipo de pintura feita na tela numa s\u00f3 sess\u00e3o.<\/strong><\/p>\n<p><strong>Mais Pinacoteca<\/strong><br \/>\nA obra \u201cO Encontro\u201d, da artista Heloisa Sandoval Gregori, que integra o acervo permanente da Pinacoteca, foi solicitada pelo Museu da Cidade de Campinas para compor a exposi\u00e7\u00e3o coletiva \u201cAtravessamentos Po\u00e9ticos\u201d.<\/p>\n<p><strong>LEIA TAMB\u00c9M<\/strong><br \/>\n<a href=\"https:\/\/jundiai.sp.gov.br\/noticias\/2017\/10\/01\/ciclovia-musical-atrai-ciclistas-de-varias-cidades-para-jundiai\/\">\u2018Ciclovia Musical\u2019 atrai ciclistas de v\u00e1rias cidades para Jundia\u00ed<\/a><\/p>\n<div id=\"attachment_206575\" style=\"width: 410px\" class=\"wp-caption alignright\"><a href=\"https:\/\/jundiai.sp.gov.br\/noticias\/wp-content\/uploads\/sites\/32\/2017\/10\/texpo-jundiai-2007-ceramica-o-encontro-1.jpg\"><img loading=\"lazy\" decoding=\"async\" aria-describedby=\"caption-attachment-206575\" class=\"size-full wp-image-206575\" src=\"https:\/\/jundiai.sp.gov.br\/noticias\/wp-content\/uploads\/sites\/32\/2017\/10\/texpo-jundiai-2007-ceramica-o-encontro-1.jpg\" alt=\"\" width=\"400\" height=\"350\" \/><\/a><p id=\"caption-attachment-206575\" class=\"wp-caption-text\">\u201cO Encontro\u201d fala do entrosamento entre pedra e \u00e1gua e o movimento que esse encontro produz<\/p><\/div>\n<p>A pedido da curadora da mostra, a professora Sylvia Furegatti, a obra de instala\u00e7\u00e3o em cer\u00e2mica com 120 pe\u00e7as em terracota e esmalte dispostas em c\u00edrculos conc\u00eantricos participa da exposi\u00e7\u00e3o, que inaugura o novo pr\u00e9dio do Museu da Cidade, na Casa de Vidro do Parque do Taquaral em Campinas (avenida Heitor Penteado, 2145), onde fica at\u00e9 10 de dezembro deste ano. O empr\u00e9stimo inaugura tamb\u00e9m um per\u00edodo de interc\u00e2mbio cultural entre as institui\u00e7\u00f5es.<\/p>\n<p>A Pinacoteca Municipal fica na Rua Bar\u00e3o de Jundia\u00ed, 109, Centro, e o telefone para contato \u00e9 (11) 4586-2326. Espa\u00e7o fica aberto ao p\u00fablico de ter\u00e7a a sexta-feira, das 10h \u00e0s 17h, e aos s\u00e1bados, domingos e feriados, das 9h \u00e0s 16h.<\/p>\n<p>A agenda da Pinacoteca e a programa\u00e7\u00e3o cultural completa da cidade podem ser consultadas no Aplicativo Jundia\u00ed, ferramenta que facilita o acesso dos cidad\u00e3os aos servi\u00e7os da Prefeitura, e fica dispon\u00edvel para ser baixado no\u00a0<strong><a href=\"https:\/\/jundiai.sp.gov.br\/aplicativo-prefeitura-de-jundiai\/\" target=\"_blank\" rel=\"noopener noreferrer\">site<\/a><\/strong>.<\/p>\n<p><strong><em>Assessoria de Imprensa<br \/>\nFotos: Fot\u00f3grafos PMJ e Divulga\u00e7\u00e3o<\/em><\/strong><\/p>\n","protected":false},"excerpt":{"rendered":"<p>Autora ir\u00e1 promover um bate-papo sobre o seu percurso art\u00edstico, Hist\u00f3ria da Arte, t\u00e9cnicas de pintura e far\u00e1 a pintura de um retrato<\/p>\n","protected":false},"author":30,"featured_media":205952,"comment_status":"closed","ping_status":"closed","sticky":false,"template":"","format":"standard","meta":{"footnotes":""},"categories":[2],"tags":[29,370],"ods":[],"class_list":["post-206570","post","type-post","status-publish","format-standard","has-post-thumbnail","hentry","category-noticias","tag-cultura","tag-pinacoteca-municipal-diogenes-duarte-paes"],"_links":{"self":[{"href":"https:\/\/jundiai.sp.gov.br\/noticias\/wp-json\/wp\/v2\/posts\/206570","targetHints":{"allow":["GET"]}}],"collection":[{"href":"https:\/\/jundiai.sp.gov.br\/noticias\/wp-json\/wp\/v2\/posts"}],"about":[{"href":"https:\/\/jundiai.sp.gov.br\/noticias\/wp-json\/wp\/v2\/types\/post"}],"author":[{"embeddable":true,"href":"https:\/\/jundiai.sp.gov.br\/noticias\/wp-json\/wp\/v2\/users\/30"}],"replies":[{"embeddable":true,"href":"https:\/\/jundiai.sp.gov.br\/noticias\/wp-json\/wp\/v2\/comments?post=206570"}],"version-history":[{"count":8,"href":"https:\/\/jundiai.sp.gov.br\/noticias\/wp-json\/wp\/v2\/posts\/206570\/revisions"}],"predecessor-version":[{"id":206581,"href":"https:\/\/jundiai.sp.gov.br\/noticias\/wp-json\/wp\/v2\/posts\/206570\/revisions\/206581"}],"wp:featuredmedia":[{"embeddable":true,"href":"https:\/\/jundiai.sp.gov.br\/noticias\/wp-json\/wp\/v2\/media\/205952"}],"wp:attachment":[{"href":"https:\/\/jundiai.sp.gov.br\/noticias\/wp-json\/wp\/v2\/media?parent=206570"}],"wp:term":[{"taxonomy":"category","embeddable":true,"href":"https:\/\/jundiai.sp.gov.br\/noticias\/wp-json\/wp\/v2\/categories?post=206570"},{"taxonomy":"post_tag","embeddable":true,"href":"https:\/\/jundiai.sp.gov.br\/noticias\/wp-json\/wp\/v2\/tags?post=206570"},{"taxonomy":"ods","embeddable":true,"href":"https:\/\/jundiai.sp.gov.br\/noticias\/wp-json\/wp\/v2\/ods?post=206570"}],"curies":[{"name":"wp","href":"https:\/\/api.w.org\/{rel}","templated":true}]}}