{"id":206816,"date":"2017-10-05T17:29:36","date_gmt":"2017-10-05T20:29:36","guid":{"rendered":"https:\/\/jundiai.sp.gov.br\/noticias\/?p=206816"},"modified":"2017-10-06T15:43:43","modified_gmt":"2017-10-06T18:43:43","slug":"programacao-do-fim-de-semana-tem-enredanca-e-caravana-da-artes","status":"publish","type":"post","link":"https:\/\/jundiai.sp.gov.br\/noticias\/2017\/10\/05\/programacao-do-fim-de-semana-tem-enredanca-e-caravana-da-artes\/","title":{"rendered":"Programa\u00e7\u00e3o do fim de semana tem \u201cEnredan\u00e7a\u201d e \u201cCaravana da Artes\u201d"},"content":{"rendered":"<p><div id=\"attachment_206817\" style=\"width: 1290px\" class=\"wp-caption alignleft\"><a href=\"https:\/\/jundiai.sp.gov.br\/noticias\/wp-content\/uploads\/sites\/32\/2017\/10\/enredanca_polytheama-1.jpg\"><img loading=\"lazy\" decoding=\"async\" aria-describedby=\"caption-attachment-206817\" src=\"https:\/\/jundiai.sp.gov.br\/noticias\/wp-content\/uploads\/sites\/32\/2017\/10\/enredanca_polytheama-1.jpg\" alt=\"\" width=\"1280\" height=\"854\" class=\"size-full wp-image-206817\" srcset=\"https:\/\/jundiai.sp.gov.br\/noticias\/wp-content\/uploads\/sites\/32\/2017\/10\/enredanca_polytheama-1.jpg 1280w, https:\/\/jundiai.sp.gov.br\/noticias\/wp-content\/uploads\/sites\/32\/2017\/10\/enredanca_polytheama-1-300x200.jpg 300w, https:\/\/jundiai.sp.gov.br\/noticias\/wp-content\/uploads\/sites\/32\/2017\/10\/enredanca_polytheama-1-768x512.jpg 768w, https:\/\/jundiai.sp.gov.br\/noticias\/wp-content\/uploads\/sites\/32\/2017\/10\/enredanca_polytheama-1-1160x774.jpg 1160w\" sizes=\"auto, (max-width: 1280px) 100vw, 1280px\" \/><\/a><p id=\"caption-attachment-206817\" class=\"wp-caption-text\">Ap\u00f3s 11 anos, Festival Enredan\u00e7a est\u00e1 de volta a Jundia\u00ed<br \/><\/p><\/div>O 21\u00ba Festival Enredan\u00e7a, que voltou a Jundia\u00ed ap\u00f3s 11 anos, integra a programa\u00e7\u00e3o cultural da cidade neste fim de semana com espet\u00e1culos gratuitos com as coreografias das academias e escolas de dan\u00e7a participantes. Pela Mostra Competitiva do festival, o Teatro Polytheama recebe, nesta sexta-feira (06) a partir das 19h30, as coreografias de dan\u00e7a Contempor\u00e2nea.<\/p>\n<p>J\u00e1 no s\u00e1bado (07), \u00e0s 15h e \u00e0s 19h30, ser\u00e3o realizadas a Gala Infantil e a Noite de Gala do festival, em que ser\u00e3o apresentadas as coreografias classificadas e realizadas as premia\u00e7\u00f5es dos melhores bailarinos, core\u00f3grafos e revela\u00e7\u00f5es. O encerramento do festival \u00e9 neste domingo (8), tamb\u00e9m \u00e0s 19h30, com a apresenta\u00e7\u00e3o do espet\u00e1culo \u201cLudus Coreol\u00f3gicas\u201d, do Caleidos Cia. de Dan\u00e7a.<\/p>\n<p>Pela Mostra Paralela, tamb\u00e9m no s\u00e1bado, ser\u00e3o apresentadas coreografias do Enredan\u00e7a no Palco Centro da Pra\u00e7a Governador Pedro de Toledo (Pra\u00e7a da Matriz), a partir das 9h e das 11h; no Complexo Fepasa, a partir das 10h; no Mercad\u00e3o da Ferrovi\u00e1rios, a partir das 12h30; e no Shopping Paineiras, a partir das 13h.<\/p>\n<p>Neste s\u00e1bado e domingo, das 9h \u00e0s 17h, o projeto Caravana das Artes chega ao Parque da Cidade com atra\u00e7\u00f5es gratuitas de teatro, dan\u00e7a, cinema, m\u00fasica, circo e oficinas culturais. O evento \u00e9 trazido \u00e0 cidade por meio do Minist\u00e9rio da Cultura e contar\u00e1 ainda com brinquedos infl\u00e1veis e distribui\u00e7\u00e3o gratuita de pipoca e algod\u00e3o doce. O Parque da Cidade fica na rodovia Jo\u00e3o Cereser, quil\u00f4metro 66, bairro do Pinheirinho.<\/p>\n<p>Tamb\u00e9m neste s\u00e1bado, o Jardim S\u00e3o Camilo recebe a 4\u00aa Feira de Profiss\u00f5es e Cultura. Fazem parte da programa\u00e7\u00e3o apresenta\u00e7\u00f5es de cursos t\u00e9cnicos e superiores, orienta\u00e7\u00f5es sobre bolsas e financiamentos estudantis, divulga\u00e7\u00e3o de processos seletivos, informa\u00e7\u00f5es sobre retomadas de estudos e atra\u00e7\u00f5es culturais. A feira ser\u00e1 realizada na Escola Estadual Professor Jo\u00e3o Batista Curado, que fica na rua Distrito federal, s\/n, Jardim Tarum\u00e3.<\/p>\n<p>Aos finais de semana e feriados, o Museu Hist\u00f3rico e Cultural \u2013 Solar do Bar\u00e3o, o Museu da Cia. Paulista e a Pinacoteca Di\u00f3genes Duarte Paes ficam abertos com hor\u00e1rio estendido, sempre das 9h \u00e0s 16h.<\/p>\n<p><div id=\"attachment_206819\" style=\"width: 410px\" class=\"wp-caption alignleft\"><a href=\"https:\/\/jundiai.sp.gov.br\/noticias\/wp-content\/uploads\/sites\/32\/2017\/10\/entre-cores-e-formas-13.jpg\"><img loading=\"lazy\" decoding=\"async\" aria-describedby=\"caption-attachment-206819\" src=\"https:\/\/jundiai.sp.gov.br\/noticias\/wp-content\/uploads\/sites\/32\/2017\/10\/entre-cores-e-formas-13.jpg\" alt=\"\" width=\"400\" height=\"350\" class=\"size-full wp-image-206819\" \/><\/a><p id=\"caption-attachment-206819\" class=\"wp-caption-text\">Oficina de pintura ser\u00e1 dada por Alice Vilhena, artista que assina a exposi\u00e7\u00e3o \u201cCores e Formas\u201d da Pinacoteca<br \/><\/p><\/div><strong>Pinacoteca Di\u00f3genes Duarte Paes<\/strong><br \/>\nA Pinacoteca promove uma oficina gratuita de pintura de quadros com Alice Vilhena, no s\u00e1bado, das 9h30 \u00e0s 11h30. A artista pl\u00e1stica \u00e9 quem assina as telas da exposi\u00e7\u00e3o intitulada \u201cCores e Formas\u201d. Os quadros com formas quadriculadas e listradas e efeitos de volume e perspectiva dividem as salas da Pinacoteca com sua mostra permanente e com a exposi\u00e7\u00e3o tem\u00e1tica do artista Inos Corradin.<\/p>\n<p>A Pinacoteca fica na Rua Bar\u00e3o de Jundia\u00ed, 109, Centro, e o telefone para contato \u00e9 (11) 4586-2326.<\/p>\n<p><strong>Teatro Polytheama<\/strong><br \/>\nEm raz\u00e3o dos eventos, a bilheteria fica aberta no fim de semana das das 14h \u00e0s 17h para a venda de ingressos da agenda geral e estende o atendimento at\u00e9 o hor\u00e1rio dos espet\u00e1culos para a distribui\u00e7\u00e3o gratuita dos ingressos para o Festival. Os ingressos ficam dispon\u00edveis uma hora antes do in\u00edcio do respectivo espet\u00e1culo.<\/p>\n<p>O Teatro est\u00e1 na rua Bar\u00e3o de Jundia\u00ed, 176, Centro, e os telefones da bilheteria s\u00e3o (11) 4586-2472 e 4522-0770.<\/p>\n<p><strong>Museu Hist\u00f3rico e Cultural \u2013 Solar do Bar\u00e3o<\/strong><\/p>\n<p>O Museu Hist\u00f3rico e Cultural exibe, al\u00e9m de sua exposi\u00e7\u00e3o permanente, os documentos, fotos e ferramentas da mostra \u201cMem\u00f3rias, of\u00edcios e saberes dos trabalhadores\u201d, que conta a import\u00e2ncia dos trabalhadores envolvidos com as principais atividades que impulsionaram a economia da cidade.<\/p>\n<p><div id=\"attachment_206822\" style=\"width: 410px\" class=\"wp-caption alignright\"><a href=\"https:\/\/jundiai.sp.gov.br\/noticias\/wp-content\/uploads\/sites\/32\/2017\/10\/memorias-oficios-e-saberes-dos-trabalhadores-2.jpg\"><img loading=\"lazy\" decoding=\"async\" aria-describedby=\"caption-attachment-206822\" src=\"https:\/\/jundiai.sp.gov.br\/noticias\/wp-content\/uploads\/sites\/32\/2017\/10\/memorias-oficios-e-saberes-dos-trabalhadores-2.jpg\" alt=\"\" width=\"400\" height=\"350\" class=\"size-full wp-image-206822\" \/><\/a><p id=\"caption-attachment-206822\" class=\"wp-caption-text\">Documentos, fotos e ferramentas contam a import\u00e2ncia dos trabalhadores, no Solar do Bar\u00e3o<br \/><\/p><\/div>A visita ao Museu pode ser combinada com uma agrad\u00e1vel estadia pelos jardins do Solar. Restaurados no primeiro semestre, os jardins foram reabertos \u00e0 visita\u00e7\u00e3o da popula\u00e7\u00e3o ap\u00f3s quatro anos de acesso restrito, tenho recebido novos projeto paisag\u00edstico, plantas, jardim japon\u00eas com lago de carpas, bancos e pergolados para descanso.<\/p>\n<p>O Museu est\u00e1 localizado na rua Bar\u00e3o de Jundia\u00ed, 762, e seus telefones para contato s\u00e3o 4521-6259 e 4586-8414.<\/p>\n<p><strong>Museu da Cia. Paulista<\/strong><br \/>\nCom a proposta de preserva\u00e7\u00e3o de um dos maiores patrim\u00f4nios da cidade, o Museu traz um percurso de visitas pelo mobili\u00e1rio, ferramentas, r\u00e9plicas, maquetes, uniformes, fotos, imagens e documentos relacionados \u00e0 import\u00e2ncia da ferrovia na economia jundiaiense e do interior do Estado.<\/p>\n<p>O Museu fica na avenida Uni\u00e3o dos Ferrovi\u00e1rios, 1760, Centro, e o telefone para contato \u00e9 (11) 4522-4727.<\/p>\n<p>A programa\u00e7\u00e3o do fim de semana e toda a agenda cultural da cidade podem ser consultadas no Aplicativo Jundia\u00ed, ferramenta que facilita o acesso dos cidad\u00e3os aos servi\u00e7os da Prefeitura, e fica dispon\u00edvel para ser baixado no\u00a0<strong><a href=\"https:\/\/jundiai.sp.gov.br\/aplicativo-prefeitura-de-jundiai\/\" target=\"_blank\" rel=\"noopener noreferrer\">site<\/a><\/strong>.<\/p>\n<p><strong><em>Assessoria de Imprensa<br \/>\nFotos: Arquivo PMJ<\/em><\/strong><\/p>\n","protected":false},"excerpt":{"rendered":"<p>Dan\u00e7a, oficina de pintura, apresenta\u00e7\u00f5es no Parque da Cidade, al\u00e9m das mostras e exposi\u00e7\u00f5es dos museus, s\u00e3o as atra\u00e7\u00f5es gratuitas<\/p>\n","protected":false},"author":30,"featured_media":206824,"comment_status":"closed","ping_status":"closed","sticky":false,"template":"","format":"standard","meta":{"footnotes":""},"categories":[2],"tags":[29,449,1006,450,290,370,98],"ods":[],"class_list":["post-206816","post","type-post","status-publish","format-standard","has-post-thumbnail","hentry","category-noticias","tag-cultura","tag-espaco-expressa","tag-festival-enredanca","tag-museu-dos-ferroviarios","tag-museu-historico-e-cultural-solar-do-barao","tag-pinacoteca-municipal-diogenes-duarte-paes","tag-teatro-polytheama"],"_links":{"self":[{"href":"https:\/\/jundiai.sp.gov.br\/noticias\/wp-json\/wp\/v2\/posts\/206816","targetHints":{"allow":["GET"]}}],"collection":[{"href":"https:\/\/jundiai.sp.gov.br\/noticias\/wp-json\/wp\/v2\/posts"}],"about":[{"href":"https:\/\/jundiai.sp.gov.br\/noticias\/wp-json\/wp\/v2\/types\/post"}],"author":[{"embeddable":true,"href":"https:\/\/jundiai.sp.gov.br\/noticias\/wp-json\/wp\/v2\/users\/30"}],"replies":[{"embeddable":true,"href":"https:\/\/jundiai.sp.gov.br\/noticias\/wp-json\/wp\/v2\/comments?post=206816"}],"version-history":[{"count":7,"href":"https:\/\/jundiai.sp.gov.br\/noticias\/wp-json\/wp\/v2\/posts\/206816\/revisions"}],"predecessor-version":[{"id":206904,"href":"https:\/\/jundiai.sp.gov.br\/noticias\/wp-json\/wp\/v2\/posts\/206816\/revisions\/206904"}],"wp:featuredmedia":[{"embeddable":true,"href":"https:\/\/jundiai.sp.gov.br\/noticias\/wp-json\/wp\/v2\/media\/206824"}],"wp:attachment":[{"href":"https:\/\/jundiai.sp.gov.br\/noticias\/wp-json\/wp\/v2\/media?parent=206816"}],"wp:term":[{"taxonomy":"category","embeddable":true,"href":"https:\/\/jundiai.sp.gov.br\/noticias\/wp-json\/wp\/v2\/categories?post=206816"},{"taxonomy":"post_tag","embeddable":true,"href":"https:\/\/jundiai.sp.gov.br\/noticias\/wp-json\/wp\/v2\/tags?post=206816"},{"taxonomy":"ods","embeddable":true,"href":"https:\/\/jundiai.sp.gov.br\/noticias\/wp-json\/wp\/v2\/ods?post=206816"}],"curies":[{"name":"wp","href":"https:\/\/api.w.org\/{rel}","templated":true}]}}