{"id":206973,"date":"2017-10-09T12:53:36","date_gmt":"2017-10-09T15:53:36","guid":{"rendered":"https:\/\/jundiai.sp.gov.br\/noticias\/?p=206973"},"modified":"2017-10-09T16:47:39","modified_gmt":"2017-10-09T19:47:39","slug":"plano-diretor-e-tema-da-23a-reuniao-de-plataformas","status":"publish","type":"post","link":"https:\/\/jundiai.sp.gov.br\/noticias\/2017\/10\/09\/plano-diretor-e-tema-da-23a-reuniao-de-plataformas\/","title":{"rendered":"Plano Diretor \u00e9 tema da 23\u00aa reuni\u00e3o de plataformas"},"content":{"rendered":"<div id=\"attachment_206975\" style=\"width: 410px\" class=\"wp-caption alignleft\"><a href=\"https:\/\/jundiai.sp.gov.br\/noticias\/wp-content\/uploads\/sites\/32\/2017\/10\/reuniao-de-plataforma-4.jpg\"><img loading=\"lazy\" decoding=\"async\" aria-describedby=\"caption-attachment-206975\" class=\"size-full wp-image-206975\" src=\"https:\/\/jundiai.sp.gov.br\/noticias\/wp-content\/uploads\/sites\/32\/2017\/10\/reuniao-de-plataforma-4.jpg\" alt=\"\" width=\"400\" height=\"350\" \/><\/a><p id=\"caption-attachment-206975\" class=\"wp-caption-text\">Sin\u00e9sio apontou aspectos do Plano Diretor que podem ser objeto de revis\u00e3o<\/p><\/div>\n<p><strong><strong>O gestor da Unidade de Gest\u00e3o de Planejamento Urbano e Meio Ambiente (UGPUMA), Sin\u00e9sio Scarabello, apresentou ao prefeito Luiz Fernando Machado, na reuni\u00e3o de plataformas desta segunda-feira (09), as regras que comp\u00f5em o atual Plano Diretor de Jundia\u00ed, aprovado na gest\u00e3o passada.<\/strong><\/strong><\/p>\n<p>Durante a apresenta\u00e7\u00e3o, o gestor explicou alguns pontos complexos do Plano que merecem uma revis\u00e3o t\u00e9cnica, \u201ccomo \u00e9 o caso dos bairros Jardim Ana Maria, Vila Arens e Vila Hortol\u00e2ndia, \u00e1reas com caracter\u00edsticas distintas, mas que t\u00eam regras equivalentes\u201d, pontou Sin\u00e9sio.<\/p>\n<p>LEIA TAMB\u00c9M<br \/>\n<a href=\"https:\/\/jundiai.sp.gov.br\/noticias\/2017\/09\/22\/prefeitura-lanca-cartilha-sobre-regularizacao-fundiaria\/\">Prefeitura lan\u00e7a cartilha sobre Regulariza\u00e7\u00e3o Fundi\u00e1ria<\/a><\/p>\n<p>Ainda de acordo com o titular da UGPUMA, outro ponto complexo \u00e9 o fato de alguns conselhos municipais terem car\u00e1ter deliberativo em quest\u00f5es cotidianas da Prefeitura. \u201cIsso muitas vezes retarda o andamento de processos, visto que os conselhos nem sempre deliberam com a agilidade necess\u00e1ria\u201d, afirmou.<\/p>\n<p>Tamb\u00e9m durante a reuni\u00e3o, a diretora do Departamento de Urbanismo, Sylvia Angelini, apresentou as pol\u00edticas p\u00fablicas de mobilidade para as crian\u00e7as, conforme prev\u00ea o Plano de Governo. Um desses projetos \u00e9 a requalifica\u00e7\u00e3o dos espa\u00e7os nos entornos das escolas municipais, cujo projeto piloto est\u00e1 em andamento na Emeb Deodato Janski, no Jardim Tarum\u00e3.<\/p>\n<p><em><strong>Assessoria de Imprensa<\/strong><\/em><br \/>\n<em><strong>Foto: Fot\u00f3grafos PMJ<\/strong><\/em><\/p>\n","protected":false},"excerpt":{"rendered":"<p>Foram apresentados pontos que merecem uma revis\u00e3o t\u00e9cnica, como a divis\u00e3o das regras de uso de solo em zonas de forma conceitual<\/p>\n","protected":false},"author":30,"featured_media":206978,"comment_status":"closed","ping_status":"closed","sticky":false,"template":"","format":"standard","meta":{"footnotes":""},"categories":[2],"tags":[138,984,58],"ods":[],"class_list":["post-206973","post","type-post","status-publish","format-standard","has-post-thumbnail","hentry","category-noticias","tag-paco-municipal","tag-planejamento-urbano-e-meio-ambiente","tag-prefeito"],"_links":{"self":[{"href":"https:\/\/jundiai.sp.gov.br\/noticias\/wp-json\/wp\/v2\/posts\/206973","targetHints":{"allow":["GET"]}}],"collection":[{"href":"https:\/\/jundiai.sp.gov.br\/noticias\/wp-json\/wp\/v2\/posts"}],"about":[{"href":"https:\/\/jundiai.sp.gov.br\/noticias\/wp-json\/wp\/v2\/types\/post"}],"author":[{"embeddable":true,"href":"https:\/\/jundiai.sp.gov.br\/noticias\/wp-json\/wp\/v2\/users\/30"}],"replies":[{"embeddable":true,"href":"https:\/\/jundiai.sp.gov.br\/noticias\/wp-json\/wp\/v2\/comments?post=206973"}],"version-history":[{"count":11,"href":"https:\/\/jundiai.sp.gov.br\/noticias\/wp-json\/wp\/v2\/posts\/206973\/revisions"}],"predecessor-version":[{"id":207006,"href":"https:\/\/jundiai.sp.gov.br\/noticias\/wp-json\/wp\/v2\/posts\/206973\/revisions\/207006"}],"wp:featuredmedia":[{"embeddable":true,"href":"https:\/\/jundiai.sp.gov.br\/noticias\/wp-json\/wp\/v2\/media\/206978"}],"wp:attachment":[{"href":"https:\/\/jundiai.sp.gov.br\/noticias\/wp-json\/wp\/v2\/media?parent=206973"}],"wp:term":[{"taxonomy":"category","embeddable":true,"href":"https:\/\/jundiai.sp.gov.br\/noticias\/wp-json\/wp\/v2\/categories?post=206973"},{"taxonomy":"post_tag","embeddable":true,"href":"https:\/\/jundiai.sp.gov.br\/noticias\/wp-json\/wp\/v2\/tags?post=206973"},{"taxonomy":"ods","embeddable":true,"href":"https:\/\/jundiai.sp.gov.br\/noticias\/wp-json\/wp\/v2\/ods?post=206973"}],"curies":[{"name":"wp","href":"https:\/\/api.w.org\/{rel}","templated":true}]}}