{"id":207022,"date":"2017-10-09T18:29:30","date_gmt":"2017-10-09T21:29:30","guid":{"rendered":"https:\/\/jundiai.sp.gov.br\/noticias\/?p=207022"},"modified":"2017-10-09T18:29:30","modified_gmt":"2017-10-09T21:29:30","slug":"encerramento-do-enredanca-teve-dose-tripla-de-apresentacoes-e-premiacoes","status":"publish","type":"post","link":"https:\/\/jundiai.sp.gov.br\/noticias\/2017\/10\/09\/encerramento-do-enredanca-teve-dose-tripla-de-apresentacoes-e-premiacoes\/","title":{"rendered":"Encerramento do \u2018Enredan\u00e7a\u2019 teve dose tripla de apresenta\u00e7\u00f5es e premia\u00e7\u00f5es"},"content":{"rendered":"<p><div id=\"attachment_207024\" style=\"width: 1250px\" class=\"wp-caption alignleft\"><a href=\"https:\/\/jundiai.sp.gov.br\/noticias\/wp-content\/uploads\/sites\/32\/2017\/10\/enredanca-8.jpg\"><img loading=\"lazy\" decoding=\"async\" aria-describedby=\"caption-attachment-207024\" src=\"https:\/\/jundiai.sp.gov.br\/noticias\/wp-content\/uploads\/sites\/32\/2017\/10\/enredanca-8.jpg\" alt=\"\" width=\"1240\" height=\"638\" class=\"size-full wp-image-207024\" srcset=\"https:\/\/jundiai.sp.gov.br\/noticias\/wp-content\/uploads\/sites\/32\/2017\/10\/enredanca-8.jpg 1240w, https:\/\/jundiai.sp.gov.br\/noticias\/wp-content\/uploads\/sites\/32\/2017\/10\/enredanca-8-300x154.jpg 300w, https:\/\/jundiai.sp.gov.br\/noticias\/wp-content\/uploads\/sites\/32\/2017\/10\/enredanca-8-768x395.jpg 768w, https:\/\/jundiai.sp.gov.br\/noticias\/wp-content\/uploads\/sites\/32\/2017\/10\/enredanca-8-1160x597.jpg 1160w\" sizes=\"auto, (max-width: 1240px) 100vw, 1240px\" \/><\/a><p id=\"caption-attachment-207024\" class=\"wp-caption-text\">Premia\u00e7\u00e3o da Mostra Competitiva aconteceu no Teatro Polytheama nesse s\u00e1bado (7)<br \/><\/p><\/div>O encerramento do 21\u00ba Enredan\u00e7a, festival de coreografias que voltou a Jundia\u00ed ap\u00f3s 11 anos, teve dose tripla de atra\u00e7\u00f5es no Polytheama nesse fim de semana. Ap\u00f3s cerca de 190 apresenta\u00e7\u00f5es pela Mostra Competitiva, al\u00e9m da Gala Infantil e Juvenil do per\u00edodo da tarde, e da Noite de Gala da noite desse s\u00e1bado (7), o festival encerrou-se com espet\u00e1culo convidado \u201cLudus Coreol\u00f3gicas\u201d, do Caleidos Cia. de Dan\u00e7a, uma apresenta\u00e7\u00e3o interativa de dan\u00e7a contempor\u00e2nea.<\/p>\n<p>Para a gestora de Cultura, Vasti Ferrari Marques, a retomada do festival \u00e9 motivo de comemora\u00e7\u00e3o. \u201cDepois de 11 anos resgatamos o Enredan\u00e7a com muito sucesso n\u00e3o s\u00f3 da participa\u00e7\u00e3o das escolas como do p\u00fablico, que compareceu em massa. J\u00e1 estamos nos preparando para a 22\u00ba edi\u00e7\u00e3o do festival. Para isso, vamos avaliar com as escolas e com os participantes qual a melhor forma de aprimorar o seu formato\u201d.<\/p>\n<p><strong><a href=\"https:\/\/www.flickr.com\/photos\/prefeituradejundiai\/albums\/72157686644634031\/page1\" target=\"_blank\" rel=\"noopener noreferrer\">CONFIRA AS FOTOS<\/a><\/strong><\/p>\n<p>Juntamente com as\u00a0<a href=\"http:\/\/cultura.jundiai.sp.gov.br\/programas\/premiacao-enredanca-mostra-competitiva\/\" target=\"_blank\" rel=\"noopener noreferrer\">premia\u00e7\u00f5es di\u00e1rias das coreografias<\/a>\u00a0apresentadas e dos indicados aos pr\u00eamios especiais, o Festival premiou tamb\u00e9m, nesse s\u00e1bado (7), Let\u00edcia Spaleta como Revela\u00e7\u00e3o, Kahal como Melhor Grupo, Daniel Roberto Farias como Melhor Bailarino, Talita Trevisan como Melhor Bailarina, Lucas Martinelli como Melhor Core\u00f3grafo e \u201cConex\u00e3o Intr\u00ednseca\u201d como melhor coreografia.<\/p>\n<p><div id=\"attachment_207026\" style=\"width: 410px\" class=\"wp-caption alignright\"><a href=\"https:\/\/jundiai.sp.gov.br\/noticias\/wp-content\/uploads\/sites\/32\/2017\/10\/enredanca-2.jpg\"><img loading=\"lazy\" decoding=\"async\" aria-describedby=\"caption-attachment-207026\" src=\"https:\/\/jundiai.sp.gov.br\/noticias\/wp-content\/uploads\/sites\/32\/2017\/10\/enredanca-2.jpg\" alt=\"\" width=\"400\" height=\"350\" class=\"size-full wp-image-207026\" \/><\/a><p id=\"caption-attachment-207026\" class=\"wp-caption-text\">Festival contou com apresenta\u00e7\u00f5es em diversos locais da cidade<br \/><\/p><\/div>Dividido em Mostra Paralela e Mostra Competitiva, o festival promoveu a descentraliza\u00e7\u00e3o da oferta de cultura pela cidade, com apresenta\u00e7\u00f5es, al\u00e9m do palco do Teatro Polytheama, Complexo Fepasa, Paineiras Shopping, Mercad\u00e3o da Ferrovi\u00e1rios e Pra\u00e7a Governador Pedro de Toledo (Pra\u00e7a da Matriz). Os espa\u00e7os receberam tamb\u00e9m, al\u00e9m das coreografias, a feira de exposi\u00e7\u00f5es \u201cPassos e Palcos\u201d, montada com figurinos e cal\u00e7ados dos repert\u00f3rios das companhias de dan\u00e7a participantes.<\/p>\n<p>A agenda cultural completa da cidade pode ser conferidas no\u00a0<a href=\"https:\/\/jundiai.sp.gov.br\/aplicativo-prefeitura-de-jundiai\/\" target=\"_blank\" rel=\"noopener noreferrer\"><strong>Aplicativo Jundia\u00ed<\/strong><\/a>, ferramenta que facilita o acesso dos cidad\u00e3os aos servi\u00e7os da Prefeitura.<\/p>\n<p><strong><em>Assessoria de Imprensa<br \/>\nFoto: Fot\u00f3grafos PMJ<\/em><\/strong><\/p>\n","protected":false},"excerpt":{"rendered":"<p>O encerramento do 21\u00ba Enredan\u00e7a, festival de coreografias que voltou a Jundia\u00ed ap\u00f3s 11 anos, teve dose tripla de atra\u00e7\u00f5es no Polytheama nesse fim de semana. Ap\u00f3s cerca de 190 apresenta\u00e7\u00f5es pela Mostra Competitiva, al\u00e9m da Gala Infantil e Juvenil do per\u00edodo da tarde, e da Noite de Gala da noite desse s\u00e1bado (7), o [&hellip;]<\/p>\n","protected":false},"author":30,"featured_media":0,"comment_status":"closed","ping_status":"closed","sticky":false,"template":"","format":"standard","meta":{"footnotes":""},"categories":[2],"tags":[29,449,1006,98],"ods":[],"class_list":["post-207022","post","type-post","status-publish","format-standard","hentry","category-noticias","tag-cultura","tag-espaco-expressa","tag-festival-enredanca","tag-teatro-polytheama"],"_links":{"self":[{"href":"https:\/\/jundiai.sp.gov.br\/noticias\/wp-json\/wp\/v2\/posts\/207022","targetHints":{"allow":["GET"]}}],"collection":[{"href":"https:\/\/jundiai.sp.gov.br\/noticias\/wp-json\/wp\/v2\/posts"}],"about":[{"href":"https:\/\/jundiai.sp.gov.br\/noticias\/wp-json\/wp\/v2\/types\/post"}],"author":[{"embeddable":true,"href":"https:\/\/jundiai.sp.gov.br\/noticias\/wp-json\/wp\/v2\/users\/30"}],"replies":[{"embeddable":true,"href":"https:\/\/jundiai.sp.gov.br\/noticias\/wp-json\/wp\/v2\/comments?post=207022"}],"version-history":[{"count":3,"href":"https:\/\/jundiai.sp.gov.br\/noticias\/wp-json\/wp\/v2\/posts\/207022\/revisions"}],"predecessor-version":[{"id":207027,"href":"https:\/\/jundiai.sp.gov.br\/noticias\/wp-json\/wp\/v2\/posts\/207022\/revisions\/207027"}],"wp:attachment":[{"href":"https:\/\/jundiai.sp.gov.br\/noticias\/wp-json\/wp\/v2\/media?parent=207022"}],"wp:term":[{"taxonomy":"category","embeddable":true,"href":"https:\/\/jundiai.sp.gov.br\/noticias\/wp-json\/wp\/v2\/categories?post=207022"},{"taxonomy":"post_tag","embeddable":true,"href":"https:\/\/jundiai.sp.gov.br\/noticias\/wp-json\/wp\/v2\/tags?post=207022"},{"taxonomy":"ods","embeddable":true,"href":"https:\/\/jundiai.sp.gov.br\/noticias\/wp-json\/wp\/v2\/ods?post=207022"}],"curies":[{"name":"wp","href":"https:\/\/api.w.org\/{rel}","templated":true}]}}