{"id":207069,"date":"2017-10-10T13:13:40","date_gmt":"2017-10-10T16:13:40","guid":{"rendered":"https:\/\/jundiai.sp.gov.br\/noticias\/?p=207069"},"modified":"2017-10-11T16:34:52","modified_gmt":"2017-10-11T19:34:52","slug":"por-medida-preventiva-festa-das-criancas-sera-no-parque-da-uva","status":"publish","type":"post","link":"https:\/\/jundiai.sp.gov.br\/noticias\/2017\/10\/10\/por-medida-preventiva-festa-das-criancas-sera-no-parque-da-uva\/","title":{"rendered":"Por medida preventiva, Festa das Crian\u00e7as ser\u00e1 no Parque da Uva"},"content":{"rendered":"<p><strong>Para evitar a exposi\u00e7\u00e3o desnecess\u00e1ria da popula\u00e7\u00e3o em \u00e1rea de transmiss\u00e3o do v\u00edrus da febre amarela, a Prefeitura de Jundia\u00ed\u00a0 transferiu a realiza\u00e7\u00e3o da Festa do Dia das Crian\u00e7as, \u2013 que tradicionalmente acontecia no Parque Corrupira -, para o Parque Comendador Antonio Carbonari (Parque da Uva). Al\u00e9m das atividades inerentes \u00e0 data, o posto avan\u00e7ado de vacina\u00e7\u00e3o contra febre amarela, implantado no local, funcionar\u00e1 no feriado para facilitar o acesso da popula\u00e7\u00e3o. O an\u00fancio foi feito na manh\u00e3 de ter\u00e7a-feira (10), em coletiva de imprensa, no Pa\u00e7o Municipal.<\/strong><\/p>\n<p>Jundia\u00ed \u00e9 \u00e1rea de risco de transmiss\u00e3o da febre amarela. O v\u00edrus est\u00e1 em circula\u00e7\u00e3o no territ\u00f3rio e, a vacina\u00e7\u00e3o \u00e9 a \u00fanica maneira de evitar o cont\u00e1gio da popula\u00e7\u00e3o.\u00a0At\u00e9 o momento n\u00e3o h\u00e1 registro de febre amarela em humanos. Contudo, foram confirmadas as mortes de 10 macacos com a doen\u00e7a. A medida, segundo o prefeito Luiz Fernando Machado, \u00e9 importante para evitar riscos \u00e0 popula\u00e7\u00e3o. \u201cA \u00fanica forma de se prevenir da febre amarela \u00e9 com a vacina. Realizando no Parque da Uva, evitamos a exposi\u00e7\u00e3o desnecess\u00e1ria da popula\u00e7\u00e3o em \u00e1rea onde foram encontrados sete macacos mortos, al\u00e9m de ofertarmos a dose para a popula\u00e7\u00e3o de toda a cidade\u201d, detalha.<\/p>\n<p>LEIA TAMB\u00c9M<br \/>\n<a href=\"https:\/\/jundiai.sp.gov.br\/noticias\/2017\/10\/10\/feriado-de-12-de-outubro-confira-o-que-abre-e-fecha-na-cidade\/\">Feriado de 12 de outubro: confira o que abre e fecha na cidade<\/a><\/p>\n<div id=\"attachment_207074\" style=\"width: 410px\" class=\"wp-caption alignleft\"><a href=\"https:\/\/jundiai.sp.gov.br\/noticias\/wp-content\/uploads\/sites\/32\/2017\/10\/febre-amarela_coletiva-10.jpg\"><img loading=\"lazy\" decoding=\"async\" aria-describedby=\"caption-attachment-207074\" class=\"size-full wp-image-207074\" src=\"https:\/\/jundiai.sp.gov.br\/noticias\/wp-content\/uploads\/sites\/32\/2017\/10\/febre-amarela_coletiva-10.jpg\" alt=\"\" width=\"400\" height=\"350\" \/><\/a><p id=\"caption-attachment-207074\" class=\"wp-caption-text\">Coletiva de imprensa foi realizada no Pa\u00e7o Municipal, na manh\u00e3 de ter\u00e7a-feira (10)<\/p><\/div>\n<p>Para a enfermeira da Vigil\u00e2ncia Epidemiol\u00f3gica, Maria do Carmo Possidente, a n\u00e3o realiza\u00e7\u00e3o da Festa das Crian\u00e7as no Corrupira, \u00e9 fundamental para evitar a exposi\u00e7\u00e3o da popula\u00e7\u00e3o, de forma desnecess\u00e1ria. \u201cTemos registro de pouco mais de um quarto da popula\u00e7\u00e3o imunizada. A meta \u00e9 atingir 95%, ent\u00e3o, evitar a exposi\u00e7\u00e3o \u00e9 fundamental\u201d, argumenta.<\/p>\n<p>A apura\u00e7\u00e3o da Vigil\u00e2ncia Epidemiol\u00f3gica contabiliza a imuniza\u00e7\u00e3o de 109.767\u00a0doses aplicadas (at\u00e9 segunda-feira, 9).<\/p>\n<p><strong>Festa no Parque da Uva<\/strong><br \/>\nA readequa\u00e7\u00e3o do local da Festa das Crian\u00e7as para o Parque Comendador Ant\u00f4nio Carbonari (Parque da Uva) mant\u00e9m a expectativa da Unidade de Gest\u00e3o de Infraestrutura e Servi\u00e7os P\u00fablicos (UGISP) de receber, nesta quinta-feira (12), das 8h \u00e0s 17h, cerca de 20 mil pessoas. A entrada \u00e9 gratuita.<\/p>\n<p>Para garantir a divers\u00e3o da crian\u00e7ada, cama el\u00e1stica, tobog\u00e3, pula-pula e piscina de bolinhas estar\u00e3o espalhados pelos dois galp\u00f5es do Parque da Uva. Al\u00e9m disso, ser\u00e3o distribu\u00eddos pipoca, algod\u00e3o doce, cachorro quente, suco e refrigerante.\u00a0\u201cEstamos mantendo a mesma estrutura desta tradicional festa, com o diferencial de oferecer as atra\u00e7\u00f5es em um espa\u00e7o coberto e de modo mais organizado\u201d, garante o gestor da UGISP, Adilson Rosa. A \u00fanica ressalva para quem pretende curtir a Festa das Crian\u00e7as nesta quinta-feira \u00e9 que o espa\u00e7o pro\u00edbe a realiza\u00e7\u00e3o do churrasco.<\/p>\n<div>\n<p>A Festa das Crian\u00e7as contar\u00e1 tamb\u00e9m com interven\u00e7\u00f5es de pintura de rosto, a partir das 9h30, e dos palha\u00e7os da Cia. T\u00e3o Distante a partir das 11h. O espet\u00e1culo de Ilusionismo e Magia com a companhia Walking Around est\u00e1 marcado para as 12h30 e uma conta\u00e7\u00e3o de hist\u00f3rias \u00e0s 14h30.\u00a0Tamb\u00e9m como parte da programa\u00e7\u00e3o da Festa das Crian\u00e7as, o campo de futebol do Jardim Tarum\u00e3 recebe o espet\u00e1culo \u201cFurando a Lona\u201d, da companhia Respeit\u00e1vel P\u00fablico, mas no domingo (15), a partir das 11h.<\/p>\n<p><strong>Onde tomar a vacina<\/strong><br \/>\nA UGPS mant\u00e9m a imuniza\u00e7\u00e3o em todas as UBSs, conforme a capacidade de atendimento, organizado por meio de distribui\u00e7\u00e3o de senhas, durante hor\u00e1rio normal de atendimento. As UBSs Hortol\u00e2ndia, Novo Horizonte, Tamoio e Agapeama atendem com hor\u00e1rio estendido at\u00e9 \u00e0s 20h, diariamente. O Parque da Uva \u00e9 posto avan\u00e7ado de vacina\u00e7\u00e3o contra febre amarela para facilitar o acesso da popula\u00e7\u00e3o, das 9h \u00e0s 15h, at\u00e9 quinta-feira (12).<\/p>\n<p><strong><em>Assessoria de Imprensa<\/em><\/strong><br \/>\n<strong>Foto: Fot\u00f3grafos PMJ<\/strong><\/p>\n<\/div>\n","protected":false},"excerpt":{"rendered":"<p>An\u00fancio foi feito em coletiva de imprensa na manh\u00e3 desta ter\u00e7a (10). Posto de vacina\u00e7\u00e3o contra febre amarela funcionar\u00e1 no local<\/p>\n","protected":false},"author":30,"featured_media":207076,"comment_status":"closed","ping_status":"closed","sticky":false,"template":"","format":"standard","meta":{"footnotes":""},"categories":[2],"tags":[985,276,981,317],"ods":[],"class_list":["post-207069","post","type-post","status-publish","format-standard","has-post-thumbnail","hentry","category-noticias","tag-infraestrutura-e-servicos-publicos","tag-parque-da-uva","tag-promocao-da-saude","tag-vigilancia-epidemiologica"],"_links":{"self":[{"href":"https:\/\/jundiai.sp.gov.br\/noticias\/wp-json\/wp\/v2\/posts\/207069","targetHints":{"allow":["GET"]}}],"collection":[{"href":"https:\/\/jundiai.sp.gov.br\/noticias\/wp-json\/wp\/v2\/posts"}],"about":[{"href":"https:\/\/jundiai.sp.gov.br\/noticias\/wp-json\/wp\/v2\/types\/post"}],"author":[{"embeddable":true,"href":"https:\/\/jundiai.sp.gov.br\/noticias\/wp-json\/wp\/v2\/users\/30"}],"replies":[{"embeddable":true,"href":"https:\/\/jundiai.sp.gov.br\/noticias\/wp-json\/wp\/v2\/comments?post=207069"}],"version-history":[{"count":10,"href":"https:\/\/jundiai.sp.gov.br\/noticias\/wp-json\/wp\/v2\/posts\/207069\/revisions"}],"predecessor-version":[{"id":207156,"href":"https:\/\/jundiai.sp.gov.br\/noticias\/wp-json\/wp\/v2\/posts\/207069\/revisions\/207156"}],"wp:featuredmedia":[{"embeddable":true,"href":"https:\/\/jundiai.sp.gov.br\/noticias\/wp-json\/wp\/v2\/media\/207076"}],"wp:attachment":[{"href":"https:\/\/jundiai.sp.gov.br\/noticias\/wp-json\/wp\/v2\/media?parent=207069"}],"wp:term":[{"taxonomy":"category","embeddable":true,"href":"https:\/\/jundiai.sp.gov.br\/noticias\/wp-json\/wp\/v2\/categories?post=207069"},{"taxonomy":"post_tag","embeddable":true,"href":"https:\/\/jundiai.sp.gov.br\/noticias\/wp-json\/wp\/v2\/tags?post=207069"},{"taxonomy":"ods","embeddable":true,"href":"https:\/\/jundiai.sp.gov.br\/noticias\/wp-json\/wp\/v2\/ods?post=207069"}],"curies":[{"name":"wp","href":"https:\/\/api.w.org\/{rel}","templated":true}]}}