{"id":207357,"date":"2017-10-17T17:27:51","date_gmt":"2017-10-17T19:27:51","guid":{"rendered":"https:\/\/jundiai.sp.gov.br\/noticias\/?p=207357"},"modified":"2017-10-17T17:27:51","modified_gmt":"2017-10-17T19:27:51","slug":"dae-jundiai-e-a-primeira-empresa-do-auj-a-aderir-ao-consumidor-gov-br","status":"publish","type":"post","link":"https:\/\/jundiai.sp.gov.br\/noticias\/2017\/10\/17\/dae-jundiai-e-a-primeira-empresa-do-auj-a-aderir-ao-consumidor-gov-br\/","title":{"rendered":"DAE Jundia\u00ed \u00e9 a primeira empresa do AUJ a aderir ao Consumidor.gov.br"},"content":{"rendered":"<p><div id=\"attachment_207359\" style=\"width: 410px\" class=\"wp-caption alignright\"><a href=\"https:\/\/jundiai.sp.gov.br\/noticias\/wp-content\/uploads\/sites\/32\/2017\/10\/consumidor-gov_17102017.jpg\"><img loading=\"lazy\" decoding=\"async\" aria-describedby=\"caption-attachment-207359\" src=\"https:\/\/jundiai.sp.gov.br\/noticias\/wp-content\/uploads\/sites\/32\/2017\/10\/consumidor-gov_17102017.jpg\" alt=\"\" width=\"400\" height=\"350\" class=\"size-full wp-image-207359\" \/><\/a><p id=\"caption-attachment-207359\" class=\"wp-caption-text\">O lan\u00e7amento da parceria entre o site e a DAE ocorreu nesta quarta-feira (17), na sede da empresa<\/p><\/div><strong>A DAE Jundia\u00ed \u00e9 a primeira empresa da Aglomera\u00e7\u00e3o Urbana de Jundia\u00ed (AUJ) a aderir ao site <a href=\"http:\/\/Consumidor.gov.br\" target=\"_blank\" rel=\"noopener noreferrer\">Consumidor.gov.br<\/a>, servi\u00e7o p\u00fablico que permite a interlocu\u00e7\u00e3o direta entre consumidores e empresas para solu\u00e7\u00e3o de conflitos de consumo pela internet. Em Jundia\u00ed, o sistema \u00e9 ligado ao Procon. A iniciativa cumpre o Plano de Governo do prefeito Luiz Fernando Machado, em busca de uma comunica\u00e7\u00e3o mais forte com o cidad\u00e3o. O lan\u00e7amento da parceria entre o site e a DAE ocorreu nesta quarta-feira (17), na sede da empresa.<\/strong><\/p>\n<p>Estiveram presentes o diretor presidente da DAE, Eduardo Santos Palhares, o diretor superintendente, Eduardo Pereira, o diretor comercial, Luiz Fernando Camargo Petroni, e a coordenadora do Procon Jundia\u00ed, Gabriela Ribas Glinternik. Segundo Palhares, o Consumidor.gov.br \u00e9 mais um canal de atendimento para o cliente da DAE. Hoje, a empresa disponibiliza um Fale Conosco (no telefone 0800 133 155, com liga\u00e7\u00e3o gratuita), quatro Postos de Atendimento, a <a href=\"https:\/\/www.facebook.com\/daejundiai\/\" target=\"_blank\" rel=\"noopener noreferrer\">Fanpage oficial da DAE no Facebook<\/a> e o canal Fale com a DAE, no site\u00a0<a href=\"http:\/\/www.daejundiai.com.br\/\">www.daejundiai.com.br<\/a>. Al\u00e9m disso, integra a Ouvidoria da ARES-PCJ, pelo telefone 0800 77 11445.<\/p>\n<p><strong>LEIA TAMB\u00c9M<\/strong><br \/>\n<a href=\"https:\/\/jundiai.sp.gov.br\/noticias\/2017\/10\/10\/no-jardim-primavera-dae-troca-rede-de-esgoto\/\">No Jardim Primavera, DAE troca rede de esgoto<\/a><\/p>\n<p>\u201c\u00c9 mais uma a\u00e7\u00e3o da DAE que busca facilitar o contato com o mun\u00edcipe e a resolu\u00e7\u00e3o de problemas. O objetivo \u00e9 termos, cada vez mais, transpar\u00eancia nas a\u00e7\u00f5es e r\u00e1pido retorno aos clientes\u201d, aponta Palhares. Para o diretor comercial da empresa, o Consumidor.gov.br representa uma ferramenta de gest\u00e3o. \u201cPor meio das reclama\u00e7\u00f5es, poderemos saber em que pontos h\u00e1 um gargalo e ter a\u00e7\u00f5es para evitar que aquilo aconte\u00e7a novamente\u201d, avalia Petroni.<\/p>\n<p>A coordenadora do Procon destaca a import\u00e2ncia da iniciativa da empresa de aderir \u00e0 plataforma. \u201cA iniciativa da DAE \u00e9 uma conquista importante para o Procon e para o cidad\u00e3o. \u00c9 uma demonstra\u00e7\u00e3o de transpar\u00eancia e preocupa\u00e7\u00e3o com o consumidor. Nossa expectativa \u00e9 muito positiva em rela\u00e7\u00e3o ao contato direto entre o consumidor e a DAE. Por meio do Consumidor.gov.br os usu\u00e1rios t\u00eam acesso a um sistema confi\u00e1vel e eficiente\u201d, aponta Gabriela. Al\u00e9m das reclama\u00e7\u00f5es, pelo site, os clientes podem renegociar d\u00e9bitos e fazer consultas.<\/p>\n<p>A utiliza\u00e7\u00e3o \u00e9 simples: basta o consumidor registrar sua reclama\u00e7\u00e3o no site e aguardar at\u00e9 dez dias para que a empresa possa analisar e responder. Em seguida, o cliente tem at\u00e9 20 dias para avaliar a resposta recebida, classificar sua reclama\u00e7\u00e3o como \u201cresolvida\u201d ou \u201cn\u00e3o resolvida\u201d e indicar o grau de satisfa\u00e7\u00e3o com o atendimento prestado.<\/p>\n<p><strong>Sobre a DAE<\/strong><strong>\u00a0<\/strong><br \/>\nA DAE Jundia\u00ed \u00e9 uma empresa de economia mista, tendo a Prefeitura de Jundia\u00ed como sua principal acionista, respons\u00e1vel pelo saneamento b\u00e1sico do munic\u00edpio. Atende toda a \u00e1rea urbana e grande parte da \u00e1rea rural da cidade com fornecimento de \u00e1gua tratada, coleta e tratamento de esgoto (concess\u00e3o \u00e0 Companhia de Saneamento de Jundia\u00ed \u2013 CSJ).<\/p>\n<p>Atualmente, o munic\u00edpio \u00e9 um modelo bem-sucedido no saneamento p\u00fablico com abastecimento de qualidade e tratamento de 100% do esgoto coletado. Com vis\u00e3o estrat\u00e9gica e investimentos antecipados, Jundia\u00ed conta com a Represa de Acumula\u00e7\u00e3o com capacidade de armazenamento de 8,3 bilh\u00f5es de litros de \u00e1gua, protegida pelo Parque da Cidade.<\/p>\n<p><em><strong>Assessoria de Comunica\u00e7\u00e3o \u2013 DAE Jundia\u00ed<br \/>\nFoto: DAE Jundia\u00ed<\/strong><\/em><\/p>\n","protected":false},"excerpt":{"rendered":"<p>A DAE Jundia\u00ed \u00e9 a primeira empresa da Aglomera\u00e7\u00e3o Urbana de Jundia\u00ed (AUJ) a aderir ao site Consumidor.gov.br, servi\u00e7o p\u00fablico que permite a interlocu\u00e7\u00e3o direta entre consumidores e empresas para solu\u00e7\u00e3o de conflitos de consumo pela internet. Em Jundia\u00ed, o sistema \u00e9 ligado ao Procon. A iniciativa cumpre o Plano de Governo do prefeito Luiz [&hellip;]<\/p>\n","protected":false},"author":30,"featured_media":0,"comment_status":"closed","ping_status":"closed","sticky":false,"template":"","format":"standard","meta":{"footnotes":""},"categories":[2],"tags":[593,66,33],"ods":[],"class_list":["post-207357","post","type-post","status-publish","format-standard","hentry","category-noticias","tag-aglomeracao-urbana-de-jundiai-auj","tag-dae","tag-procon"],"_links":{"self":[{"href":"https:\/\/jundiai.sp.gov.br\/noticias\/wp-json\/wp\/v2\/posts\/207357","targetHints":{"allow":["GET"]}}],"collection":[{"href":"https:\/\/jundiai.sp.gov.br\/noticias\/wp-json\/wp\/v2\/posts"}],"about":[{"href":"https:\/\/jundiai.sp.gov.br\/noticias\/wp-json\/wp\/v2\/types\/post"}],"author":[{"embeddable":true,"href":"https:\/\/jundiai.sp.gov.br\/noticias\/wp-json\/wp\/v2\/users\/30"}],"replies":[{"embeddable":true,"href":"https:\/\/jundiai.sp.gov.br\/noticias\/wp-json\/wp\/v2\/comments?post=207357"}],"version-history":[{"count":5,"href":"https:\/\/jundiai.sp.gov.br\/noticias\/wp-json\/wp\/v2\/posts\/207357\/revisions"}],"predecessor-version":[{"id":207363,"href":"https:\/\/jundiai.sp.gov.br\/noticias\/wp-json\/wp\/v2\/posts\/207357\/revisions\/207363"}],"wp:attachment":[{"href":"https:\/\/jundiai.sp.gov.br\/noticias\/wp-json\/wp\/v2\/media?parent=207357"}],"wp:term":[{"taxonomy":"category","embeddable":true,"href":"https:\/\/jundiai.sp.gov.br\/noticias\/wp-json\/wp\/v2\/categories?post=207357"},{"taxonomy":"post_tag","embeddable":true,"href":"https:\/\/jundiai.sp.gov.br\/noticias\/wp-json\/wp\/v2\/tags?post=207357"},{"taxonomy":"ods","embeddable":true,"href":"https:\/\/jundiai.sp.gov.br\/noticias\/wp-json\/wp\/v2\/ods?post=207357"}],"curies":[{"name":"wp","href":"https:\/\/api.w.org\/{rel}","templated":true}]}}