{"id":207672,"date":"2017-10-23T12:25:00","date_gmt":"2017-10-23T14:25:00","guid":{"rendered":"https:\/\/jundiai.sp.gov.br\/noticias\/?p=207672"},"modified":"2017-10-23T12:29:03","modified_gmt":"2017-10-23T14:29:03","slug":"servicos-no-sao-camilo-sao-tema-de-reuniao-de-plataformas","status":"publish","type":"post","link":"https:\/\/jundiai.sp.gov.br\/noticias\/2017\/10\/23\/servicos-no-sao-camilo-sao-tema-de-reuniao-de-plataformas\/","title":{"rendered":"Servi\u00e7os no S\u00e3o Camilo s\u00e3o tema de reuni\u00e3o de plataformas"},"content":{"rendered":"<p><div id=\"attachment_207673\" style=\"width: 410px\" class=\"wp-caption alignleft\"><a href=\"https:\/\/jundiai.sp.gov.br\/noticias\/wp-content\/uploads\/sites\/32\/2017\/10\/reuniao-plataforma-2.jpg\"><img loading=\"lazy\" decoding=\"async\" aria-describedby=\"caption-attachment-207673\" src=\"https:\/\/jundiai.sp.gov.br\/noticias\/wp-content\/uploads\/sites\/32\/2017\/10\/reuniao-plataforma-2.jpg\" alt=\"\" width=\"400\" height=\"350\" class=\"size-full wp-image-207673\" \/><\/a><p id=\"caption-attachment-207673\" class=\"wp-caption-text\">Prefeito e gestores conversaram sobre interven\u00e7\u00f5es no bairro S\u00e3o Camilo<br \/><\/p><\/div><strong>A 24\u00aa reuni\u00e3o de trabalho das plataformas de servi\u00e7os da Prefeitura, realizada nesta segunda-feira (23), teve como tema principal o bairro S\u00e3o Camilo. As obras vi\u00e1rias em andamento no bairro e o projeto de revitaliza\u00e7\u00e3o da pra\u00e7a Valdemar Lopes foram abordados no encontro.<\/strong><\/p>\n<p><strong>LEIA TAMB\u00c9M<\/strong><br \/>\n<a href=\"https:\/\/jundiai.sp.gov.br\/noticias\/2017\/10\/18\/prefeito-visita-obras-de-interligacao-viaria-do-sao-camilo\/\">Prefeito visita obras de interliga\u00e7\u00e3o vi\u00e1ria do S\u00e3o Camilo<\/a><\/p>\n<p>A superintendente da Fumas, Solange Aparecida Marques, explicou que 46% das obras vi\u00e1rias contratadas j\u00e1 foram executadas, com previs\u00e3o de conclus\u00e3o para o segundo semestre de 2018. \u201cA Funda\u00e7\u00e3o recebeu R$ 15 milh\u00f5es do Minist\u00e9rio das Cidades para investir na infraestrutura do bairro\u201d, pontuou.<\/p>\n<p>Sobre a revitaliza\u00e7\u00e3o da pra\u00e7a, os gestores expuseram as poss\u00edveis melhorias que cada pasta pode oferecer para o local, criando um sentimento de pertencimento na comunidade. Entre as novidades que devem ser oferecidas no bairro, est\u00e3o a pra\u00e7a com servi\u00e7o gratuito de WiFi (em desenvolvimento pela Cijun), interven\u00e7\u00f5es culturais (UGC) e paisag\u00edsticas (UGPUMA), entre outras. A execu\u00e7\u00e3o ser\u00e1 de responsabilidade da Unidade de Gest\u00e3o de Infraestrutura e Servi\u00e7os P\u00fablicos (UGISP).<\/p>\n<p><em><strong>Assessoria de Imprensa<br \/>\nFoto: Fot\u00f3grafos PMJ<\/strong><\/em><\/p>\n","protected":false},"excerpt":{"rendered":"<p>As obras vi\u00e1rias em andamento no bairro e o projeto de revitaliza\u00e7\u00e3o da pra\u00e7a Valdemar Lopes foram abordados no encontro<\/p>\n","protected":false},"author":30,"featured_media":207678,"comment_status":"closed","ping_status":"closed","sticky":false,"template":"","format":"standard","meta":{"footnotes":""},"categories":[2],"tags":[235,49,985,984],"ods":[],"class_list":["post-207672","post","type-post","status-publish","format-standard","has-post-thumbnail","hentry","category-noticias","tag-companhia-de-informatica-de-jundiai-cijun","tag-fundacao-municipal-de-acao-social-fumas","tag-infraestrutura-e-servicos-publicos","tag-planejamento-urbano-e-meio-ambiente"],"_links":{"self":[{"href":"https:\/\/jundiai.sp.gov.br\/noticias\/wp-json\/wp\/v2\/posts\/207672","targetHints":{"allow":["GET"]}}],"collection":[{"href":"https:\/\/jundiai.sp.gov.br\/noticias\/wp-json\/wp\/v2\/posts"}],"about":[{"href":"https:\/\/jundiai.sp.gov.br\/noticias\/wp-json\/wp\/v2\/types\/post"}],"author":[{"embeddable":true,"href":"https:\/\/jundiai.sp.gov.br\/noticias\/wp-json\/wp\/v2\/users\/30"}],"replies":[{"embeddable":true,"href":"https:\/\/jundiai.sp.gov.br\/noticias\/wp-json\/wp\/v2\/comments?post=207672"}],"version-history":[{"count":4,"href":"https:\/\/jundiai.sp.gov.br\/noticias\/wp-json\/wp\/v2\/posts\/207672\/revisions"}],"predecessor-version":[{"id":207677,"href":"https:\/\/jundiai.sp.gov.br\/noticias\/wp-json\/wp\/v2\/posts\/207672\/revisions\/207677"}],"wp:featuredmedia":[{"embeddable":true,"href":"https:\/\/jundiai.sp.gov.br\/noticias\/wp-json\/wp\/v2\/media\/207678"}],"wp:attachment":[{"href":"https:\/\/jundiai.sp.gov.br\/noticias\/wp-json\/wp\/v2\/media?parent=207672"}],"wp:term":[{"taxonomy":"category","embeddable":true,"href":"https:\/\/jundiai.sp.gov.br\/noticias\/wp-json\/wp\/v2\/categories?post=207672"},{"taxonomy":"post_tag","embeddable":true,"href":"https:\/\/jundiai.sp.gov.br\/noticias\/wp-json\/wp\/v2\/tags?post=207672"},{"taxonomy":"ods","embeddable":true,"href":"https:\/\/jundiai.sp.gov.br\/noticias\/wp-json\/wp\/v2\/ods?post=207672"}],"curies":[{"name":"wp","href":"https:\/\/api.w.org\/{rel}","templated":true}]}}