{"id":207967,"date":"2017-10-27T12:34:36","date_gmt":"2017-10-27T14:34:36","guid":{"rendered":"https:\/\/jundiai.sp.gov.br\/noticias\/?p=207967"},"modified":"2017-10-30T11:17:24","modified_gmt":"2017-10-30T13:17:24","slug":"ugel-inicia-reforma-em-dois-ceces","status":"publish","type":"post","link":"https:\/\/jundiai.sp.gov.br\/noticias\/2017\/10\/27\/ugel-inicia-reforma-em-dois-ceces\/","title":{"rendered":"Prefeitura inicia reforma em dois Complexos Esportivos"},"content":{"rendered":"<div id=\"attachment_207969\" style=\"width: 1250px\" class=\"wp-caption alignleft\"><a href=\"https:\/\/jundiai.sp.gov.br\/noticias\/wp-content\/uploads\/sites\/32\/2017\/10\/panorama_1.jpg\"><img loading=\"lazy\" decoding=\"async\" aria-describedby=\"caption-attachment-207969\" class=\"size-full wp-image-207969\" src=\"https:\/\/jundiai.sp.gov.br\/noticias\/wp-content\/uploads\/sites\/32\/2017\/10\/panorama_1.jpg\" alt=\"\" width=\"1240\" height=\"502\" srcset=\"https:\/\/jundiai.sp.gov.br\/noticias\/wp-content\/uploads\/sites\/32\/2017\/10\/panorama_1.jpg 1240w, https:\/\/jundiai.sp.gov.br\/noticias\/wp-content\/uploads\/sites\/32\/2017\/10\/panorama_1-300x121.jpg 300w, https:\/\/jundiai.sp.gov.br\/noticias\/wp-content\/uploads\/sites\/32\/2017\/10\/panorama_1-768x311.jpg 768w, https:\/\/jundiai.sp.gov.br\/noticias\/wp-content\/uploads\/sites\/32\/2017\/10\/panorama_1-1160x470.jpg 1160w\" sizes=\"auto, (max-width: 1240px) 100vw, 1240px\" \/><\/a><p id=\"caption-attachment-207969\" class=\"wp-caption-text\">Investimento no Pedro Raymundo ser\u00e1 de R$ 896.335,99 e contar\u00e1 com constru\u00e7\u00e3o de rampas, vesti\u00e1rios e troca de piso do gin\u00e1sio<\/p><\/div>\n<p><strong>Investir em qualidade de vida est\u00e1 diretamente ligado \u00e0 pr\u00e1tica de atividades f\u00edsicas. Com investimento de R$ 1,4 milh\u00e3o em reforma e adequa\u00e7\u00f5es nos Centros Educacionais, Culturais e Esportivos (CECEs) Pedro Raymundo (Vila Rio Branco) e Helena Cestari (Vila Comercial), cada local receber\u00e1 obras de infraestrutura necess\u00e1rias para melhorar a qualidade do servi\u00e7o oferecido \u00e0 popula\u00e7\u00e3o. O investimento realizado pela Unidade de Gest\u00e3o de Esporte e Lazer (UGEL) tem prazo de entrega de at\u00e9 seis meses e conta com repasse do Minist\u00e9rio do Esporte.<\/strong><\/p>\n<p>Para o gestor da UGEL, Luiz Trientini, as reformas s\u00e3o fundamentais para atrair cada vez mais frequentadores para os espa\u00e7os. \u201cO CECE Pedro Raymundo, por exemplo, recebe, em m\u00e9dia 700 pessoas por dia. Com o investimento na constru\u00e7\u00e3o de rampa para acessibilidade, de vesti\u00e1rios (quadra e campo) al\u00e9m da troca do piso do gin\u00e1sio, o n\u00famero de frequentadores se ampliar\u00e1. A acessibilidade \u00e9 fundamental para proporcionar aos portadores de defici\u00eancia e ou mobilidade reduzida, a oportunidade de praticar atividades f\u00edsicas\u201d, argumenta. As obras no local ter\u00e3o investimento de R$ 896.335,99.<\/p>\n<p><strong>LEIA TAMB\u00c9M<\/strong><br \/>\n<a href=\"https:\/\/jundiai.sp.gov.br\/noticias\/2017\/10\/21\/futebol-possivel-da-aula-de-integracao\/\">Futebol Poss\u00edvel d\u00e1 aula de integra\u00e7\u00e3o<\/a><\/p>\n<p>No CECE Helena Cestari, da Vila Comercial, o investimento ser\u00e1 para a constru\u00e7\u00e3o de vesti\u00e1rios. O espa\u00e7o, que foi entregue na gest\u00e3o anterior apenas com academia ao ar livre e campo de futebol, n\u00e3o foi contemplado com \u00e1rea para atender os usu\u00e1rios em vesti\u00e1rios. \u201cA obra oferecer\u00e1 espa\u00e7o com qualidade para os usu\u00e1rios. Desta forma, a popula\u00e7\u00e3o fica estimulada a praticar alguma atividade f\u00edsica, e, em consequ\u00eancia, melhorar a qualidade de vida\u201d, detalha. Para o local, ser\u00e1 destinado valor de R$ 517.010,08 para custeio e execu\u00e7\u00e3o da melhoria.<\/p>\n<p>As interven\u00e7\u00f5es foram iniciadas nos dois complexos, e t\u00eam como prazo de entrega estimado seis meses, e s\u00e3o realizadas por empresas contratadas espec\u00edficas para os servi\u00e7os. Vale ressaltar que os espa\u00e7os continuam em funcionamento.<\/p>\n<p><em><strong>Assessoria de Imprensa<br \/>\nFotos: Fot\u00f3grafos PMJ<\/strong><\/em><\/p>\n","protected":false},"excerpt":{"rendered":"<p>As reformas s\u00e3o fundamentais para atrair cada vez mais frequentadores. Os espa\u00e7os na Vila Rio Branco e na Vila Comercial continuam em funcionamento<\/p>\n","protected":false},"author":33,"featured_media":207975,"comment_status":"closed","ping_status":"closed","sticky":false,"template":"","format":"standard","meta":{"footnotes":""},"categories":[2],"tags":[411],"ods":[],"class_list":["post-207967","post","type-post","status-publish","format-standard","has-post-thumbnail","hentry","category-noticias","tag-centro-esportivo"],"_links":{"self":[{"href":"https:\/\/jundiai.sp.gov.br\/noticias\/wp-json\/wp\/v2\/posts\/207967","targetHints":{"allow":["GET"]}}],"collection":[{"href":"https:\/\/jundiai.sp.gov.br\/noticias\/wp-json\/wp\/v2\/posts"}],"about":[{"href":"https:\/\/jundiai.sp.gov.br\/noticias\/wp-json\/wp\/v2\/types\/post"}],"author":[{"embeddable":true,"href":"https:\/\/jundiai.sp.gov.br\/noticias\/wp-json\/wp\/v2\/users\/33"}],"replies":[{"embeddable":true,"href":"https:\/\/jundiai.sp.gov.br\/noticias\/wp-json\/wp\/v2\/comments?post=207967"}],"version-history":[{"count":16,"href":"https:\/\/jundiai.sp.gov.br\/noticias\/wp-json\/wp\/v2\/posts\/207967\/revisions"}],"predecessor-version":[{"id":208180,"href":"https:\/\/jundiai.sp.gov.br\/noticias\/wp-json\/wp\/v2\/posts\/207967\/revisions\/208180"}],"wp:featuredmedia":[{"embeddable":true,"href":"https:\/\/jundiai.sp.gov.br\/noticias\/wp-json\/wp\/v2\/media\/207975"}],"wp:attachment":[{"href":"https:\/\/jundiai.sp.gov.br\/noticias\/wp-json\/wp\/v2\/media?parent=207967"}],"wp:term":[{"taxonomy":"category","embeddable":true,"href":"https:\/\/jundiai.sp.gov.br\/noticias\/wp-json\/wp\/v2\/categories?post=207967"},{"taxonomy":"post_tag","embeddable":true,"href":"https:\/\/jundiai.sp.gov.br\/noticias\/wp-json\/wp\/v2\/tags?post=207967"},{"taxonomy":"ods","embeddable":true,"href":"https:\/\/jundiai.sp.gov.br\/noticias\/wp-json\/wp\/v2\/ods?post=207967"}],"curies":[{"name":"wp","href":"https:\/\/api.w.org\/{rel}","templated":true}]}}