{"id":208318,"date":"2017-11-03T10:01:42","date_gmt":"2017-11-03T12:01:42","guid":{"rendered":"https:\/\/jundiai.sp.gov.br\/noticias\/?p=208318"},"modified":"2017-11-03T10:01:42","modified_gmt":"2017-11-03T12:01:42","slug":"procon-promove-palestra-sobre-alimentos-ultraprocessados-na-esef","status":"publish","type":"post","link":"https:\/\/jundiai.sp.gov.br\/noticias\/2017\/11\/03\/procon-promove-palestra-sobre-alimentos-ultraprocessados-na-esef\/","title":{"rendered":"Procon promove palestra sobre alimentos ultraprocessados na ESEF"},"content":{"rendered":"<div id=\"attachment_208320\" style=\"width: 410px\" class=\"wp-caption alignleft\"><a href=\"https:\/\/jundiai.sp.gov.br\/noticias\/wp-content\/uploads\/sites\/32\/2017\/10\/procon-atendimento-2.jpg\"><img loading=\"lazy\" decoding=\"async\" aria-describedby=\"caption-attachment-208320\" class=\"size-full wp-image-208320\" src=\"https:\/\/jundiai.sp.gov.br\/noticias\/wp-content\/uploads\/sites\/32\/2017\/10\/procon-atendimento-2.jpg\" alt=\"\" width=\"400\" height=\"350\" \/><\/a><p id=\"caption-attachment-208320\" class=\"wp-caption-text\">Procon promove palestra gratuita sobre alimentos ultraprocessados<\/p><\/div>\n<p><strong>Na segunda-feira (6), o Procon Jundia\u00ed promove uma palestra gratuita sobre o tema \u2018Alimentos ultraprocessados: conhecer para proteger\u2019, no anfiteatro da Escola Superior de Educa\u00e7\u00e3o F\u00edsica (ESEF), como parte da cerim\u00f4nia de lan\u00e7amento do 12\u00ba Congresso de Educa\u00e7\u00e3o F\u00edsica da institui\u00e7\u00e3o. O tema ser\u00e1 debatido por profissionais do Instituto Alana, especializado em consumo consciente, e do Instituto Brasileiro de Defesa do Consumidor (IDEC).<\/strong><\/p>\n<p>A coordenadora do Procon, Gabriela Glinternik, comenta que a qualidade da alimenta\u00e7\u00e3o tem sido um dos temas mais desafiadores para a prote\u00e7\u00e3o do consumidor, ao longo dos \u00faltimos anos. \u201cOs aumentos dos n\u00edveis de consumo de alimentos ultraprocessados e das taxas de obesidade infantil, por exemplo, t\u00eam se mostrado preocupantes. Por isso, conhecer melhor o assunto \u00e9 algo essencial para que o consumidor possa fazer escolhas mais conscientes e mais saud\u00e1veis\u201d, destaca.<\/p>\n<p><strong>LEIA TAMB\u00c9M<\/strong><br \/>\n<a href=\"https:\/\/jundiai.sp.gov.br\/noticias\/2017\/10\/17\/dae-jundiai-e-a-primeira-empresa-do-auj-a-aderir-ao-consumidor-gov-br\/\">DAE Jundia\u00ed \u00e9 a primeira empresa do AUJ a aderir ao Consumidor.gov.br<\/a><\/p>\n<p>Participar\u00e3o das palestras a doutora em Nutri\u00e7\u00e3o e Sa\u00fade P\u00fablica, l\u00edder do Programa de Alimenta\u00e7\u00e3o Saud\u00e1vel do IDEC e pesquisadora do N\u00facleo de Pesquisas Epidemiol\u00f3gicas em Nutri\u00e7\u00e3o e Sa\u00fade (NUPENS) da USP, Ana Paula Bortoletto, e a advogada e coordenadora do programa Crian\u00e7a e Consumo do Instituto Alana, al\u00e9m de especialista em Direito do Consumidor e em Inf\u00e2ncia, Educa\u00e7\u00e3o e Desenvolvimento Social, Ekaterine Karageorgiadis.<\/p>\n<p>Aliado ao debate sobre alimenta\u00e7\u00e3o saud\u00e1vel est\u00e1 a iniciativa da ESEF que lan\u00e7a o congresso deste ano na mesma noite. \u201cO objetivo do lan\u00e7amento \u00e9 divulgar os resultados obtidos at\u00e9 a presente data e a expectativa geral dos organizadores para a 12\u00aa edi\u00e7\u00e3o do Congresso\u201d, explica o diretor da ESEF, o professor doutor Davi Poit.<\/p>\n<p>O evento tem apoio do vereador Faouaz Taha, que tem um projeto de lei em tr\u00e2mite na C\u00e2mara de Jundia\u00ed para tratar de publicidade de alimentos ultraprocessados.<\/p>\n<p><em><strong>Assessoria de Imprensa<br \/>\nFoto: Fot\u00f3grafos PMJ<\/strong><\/em><\/p>\n","protected":false},"excerpt":{"rendered":"<p>Na segunda-feira (6), o Procon Jundia\u00ed promove uma palestra gratuita sobre o tema \u2018Alimentos ultraprocessados: conhecer para proteger\u2019, no anfiteatro da Escola Superior de Educa\u00e7\u00e3o F\u00edsica (ESEF), como parte da cerim\u00f4nia de lan\u00e7amento do 12\u00ba Congresso de Educa\u00e7\u00e3o F\u00edsica da institui\u00e7\u00e3o. O tema ser\u00e1 debatido por profissionais do Instituto Alana, especializado em consumo consciente, e [&hellip;]<\/p>\n","protected":false},"author":30,"featured_media":0,"comment_status":"closed","ping_status":"closed","sticky":false,"template":"","format":"standard","meta":{"footnotes":""},"categories":[2],"tags":[91,33],"ods":[],"class_list":["post-208318","post","type-post","status-publish","format-standard","hentry","category-noticias","tag-escola-superior-de-educacao-fisica-de-jundiai-esef","tag-procon"],"_links":{"self":[{"href":"https:\/\/jundiai.sp.gov.br\/noticias\/wp-json\/wp\/v2\/posts\/208318","targetHints":{"allow":["GET"]}}],"collection":[{"href":"https:\/\/jundiai.sp.gov.br\/noticias\/wp-json\/wp\/v2\/posts"}],"about":[{"href":"https:\/\/jundiai.sp.gov.br\/noticias\/wp-json\/wp\/v2\/types\/post"}],"author":[{"embeddable":true,"href":"https:\/\/jundiai.sp.gov.br\/noticias\/wp-json\/wp\/v2\/users\/30"}],"replies":[{"embeddable":true,"href":"https:\/\/jundiai.sp.gov.br\/noticias\/wp-json\/wp\/v2\/comments?post=208318"}],"version-history":[{"count":5,"href":"https:\/\/jundiai.sp.gov.br\/noticias\/wp-json\/wp\/v2\/posts\/208318\/revisions"}],"predecessor-version":[{"id":208437,"href":"https:\/\/jundiai.sp.gov.br\/noticias\/wp-json\/wp\/v2\/posts\/208318\/revisions\/208437"}],"wp:attachment":[{"href":"https:\/\/jundiai.sp.gov.br\/noticias\/wp-json\/wp\/v2\/media?parent=208318"}],"wp:term":[{"taxonomy":"category","embeddable":true,"href":"https:\/\/jundiai.sp.gov.br\/noticias\/wp-json\/wp\/v2\/categories?post=208318"},{"taxonomy":"post_tag","embeddable":true,"href":"https:\/\/jundiai.sp.gov.br\/noticias\/wp-json\/wp\/v2\/tags?post=208318"},{"taxonomy":"ods","embeddable":true,"href":"https:\/\/jundiai.sp.gov.br\/noticias\/wp-json\/wp\/v2\/ods?post=208318"}],"curies":[{"name":"wp","href":"https:\/\/api.w.org\/{rel}","templated":true}]}}