{"id":208557,"date":"2017-11-07T18:20:01","date_gmt":"2017-11-07T20:20:01","guid":{"rendered":"https:\/\/jundiai.sp.gov.br\/noticias\/?p=208557"},"modified":"2017-11-07T18:51:19","modified_gmt":"2017-11-07T20:51:19","slug":"novas-ambulancias-do-samu-ja-estao-nas-ruas","status":"publish","type":"post","link":"https:\/\/jundiai.sp.gov.br\/noticias\/2017\/11\/07\/novas-ambulancias-do-samu-ja-estao-nas-ruas\/","title":{"rendered":"Novas ambul\u00e2ncias do Samu j\u00e1 est\u00e3o na rua"},"content":{"rendered":"<p><strong>O Servi\u00e7o de Atendimento M\u00f3vel de Urg\u00eancia (SAMU) de Jundia\u00ed opera com o refor\u00e7o das novas ambul\u00e2ncias recebidas pela Unidade de Gest\u00e3o de Promo\u00e7\u00e3o da Sa\u00fade (UGPS) Sa\u00fade, no dia 26 passado. Al\u00e9m da economia que os tr\u00eas ve\u00edculos trar\u00e3o em rela\u00e7\u00e3o \u00e0 manuten\u00e7\u00e3o, o conforto oferecido tanto para a equipe quanto para os pacientes \u00e9 diferencial.<\/strong><\/p>\n<p>Os carros passaram pelo emplacamento, vistorias de seguro e instala\u00e7\u00e3o de sistemas de comunica\u00e7\u00e3o digital e, a partir de ter\u00e7a-feira (7), foram colocadas para atendimento.\u00a0\u201cA Sa\u00fade \u00e9 prioridade absoluta para o nosso governo. Essas novas ambul\u00e2ncias oferecem maior conforto e rapidez no atendimento. Com a inaugura\u00e7\u00e3o da Unidade de Pronto Atendimento (UPA) e Cl\u00ednica da Fam\u00edlia, no Novo Horizonte, em dezembro, um dos ve\u00edculos ser\u00e1 alocado naquela unidade, para fazer o atendimento da regi\u00e3o. O tempo \u00e9 o fator decisivo para salvar uma vida\u201d, destacou o prefeito Luiz Fernando Machado, no dia da entrega dos carros.<\/p>\n<p><strong>LEIA TAMB\u00c9M<\/strong><br \/>\n<a href=\"https:\/\/jundiai.sp.gov.br\/noticias\/2017\/11\/06\/febre-amarela-mais-de-263-mil-tomaram-a-vacina-campanha-continua\/\">Febre amarela: mais de 263 mil imunizados; campanha continua<\/a><\/p>\n<div id=\"attachment_208566\" style=\"width: 1290px\" class=\"wp-caption alignright\"><a href=\"https:\/\/jundiai.sp.gov.br\/noticias\/wp-content\/uploads\/sites\/32\/2017\/11\/dpf3591.jpg\"><img loading=\"lazy\" decoding=\"async\" aria-describedby=\"caption-attachment-208566\" class=\"size-full wp-image-208566\" src=\"https:\/\/jundiai.sp.gov.br\/noticias\/wp-content\/uploads\/sites\/32\/2017\/11\/dpf3591.jpg\" alt=\"\" width=\"1280\" height=\"830\" srcset=\"https:\/\/jundiai.sp.gov.br\/noticias\/wp-content\/uploads\/sites\/32\/2017\/11\/dpf3591.jpg 1280w, https:\/\/jundiai.sp.gov.br\/noticias\/wp-content\/uploads\/sites\/32\/2017\/11\/dpf3591-300x195.jpg 300w, https:\/\/jundiai.sp.gov.br\/noticias\/wp-content\/uploads\/sites\/32\/2017\/11\/dpf3591-768x498.jpg 768w, https:\/\/jundiai.sp.gov.br\/noticias\/wp-content\/uploads\/sites\/32\/2017\/11\/dpf3591-1160x752.jpg 1160w\" sizes=\"auto, (max-width: 1280px) 100vw, 1280px\" \/><\/a><p id=\"caption-attachment-208566\" class=\"wp-caption-text\">Novas ambul\u00e2ncias est\u00e3o nas ruas para atendimento<\/p><\/div>\n<p>\u201cOs novos carros oferecem melhor qualidade ao servi\u00e7o para a popula\u00e7\u00e3o. O SAMU faz 1,2 mil atendimentos que exigem o deslocamento de ve\u00edculos de atendimento b\u00e1sico para ocorr\u00eancias. Esses novos carros proporcionar\u00e3o agilidade no atendimento,\u00a0trar\u00e1 maior seguran\u00e7a para usu\u00e1rios e servidores, redu\u00e7\u00e3o do custo de manuten\u00e7\u00e3o e opera\u00e7\u00e3o, al\u00e9m de maior conforto no atendimento\u201d, detalha\u00a0\u00a0o coordenador m\u00e9dico do\u00a0SAMU,\u00a0Mario\u00a0Jorge de Castro\u00a0Kodama.<\/p>\n<p><strong>Reserva t\u00e9cnica<\/strong><br \/>\nAs novas ambul\u00e2ncias substituem outras tr\u00eas, com mais de cinco anos de uso.\u00a0A medida \u00e9 estrat\u00e9gica, j\u00e1 que parte dos carros em uso passa a compor a reserva t\u00e9cnica. A aquisi\u00e7\u00e3o das novas unidades de suporte b\u00e1sico foi feita em ata de registro de pre\u00e7o do Minist\u00e9rio da Sa\u00fade, no valor total de R$ 528.858, proveniente de recurso da Uni\u00e3o, por meio de uma Emenda Parlamentar.<\/p>\n<p>Com a chegada das viaturas, a UGPS ir\u00e1 economizar R$ 20.400 por m\u00eas, valor que era gasto com a loca\u00e7\u00e3o de dois ve\u00edculos desde junho, por conta das m\u00e1s condi\u00e7\u00f5es dos ve\u00edculos deixados pela administra\u00e7\u00e3o anterior. Cada uma das novas ambul\u00e2ncias da frota da cidade valem R$ 176.286.<\/p>\n<p><em><strong>Assessoria de Imprensa<br \/>\n<\/strong><\/em><em><strong>Fotos: Fot\u00f3grafos PMJ<\/strong><\/em><\/p>\n","protected":false},"excerpt":{"rendered":"<p>Al\u00e9m da economia que os tr\u00eas ve\u00edculos trar\u00e3o em manuten\u00e7\u00e3o, o conforto oferecido para a equipe e para os pacientes \u00e9 diferencial<\/p>\n","protected":false},"author":30,"featured_media":208558,"comment_status":"closed","ping_status":"closed","sticky":false,"template":"","format":"standard","meta":{"footnotes":""},"categories":[2],"tags":[981,149],"ods":[],"class_list":["post-208557","post","type-post","status-publish","format-standard","has-post-thumbnail","hentry","category-noticias","tag-promocao-da-saude","tag-servico-de-atendimento-movel-de-urgencia-samu"],"_links":{"self":[{"href":"https:\/\/jundiai.sp.gov.br\/noticias\/wp-json\/wp\/v2\/posts\/208557","targetHints":{"allow":["GET"]}}],"collection":[{"href":"https:\/\/jundiai.sp.gov.br\/noticias\/wp-json\/wp\/v2\/posts"}],"about":[{"href":"https:\/\/jundiai.sp.gov.br\/noticias\/wp-json\/wp\/v2\/types\/post"}],"author":[{"embeddable":true,"href":"https:\/\/jundiai.sp.gov.br\/noticias\/wp-json\/wp\/v2\/users\/30"}],"replies":[{"embeddable":true,"href":"https:\/\/jundiai.sp.gov.br\/noticias\/wp-json\/wp\/v2\/comments?post=208557"}],"version-history":[{"count":11,"href":"https:\/\/jundiai.sp.gov.br\/noticias\/wp-json\/wp\/v2\/posts\/208557\/revisions"}],"predecessor-version":[{"id":208571,"href":"https:\/\/jundiai.sp.gov.br\/noticias\/wp-json\/wp\/v2\/posts\/208557\/revisions\/208571"}],"wp:featuredmedia":[{"embeddable":true,"href":"https:\/\/jundiai.sp.gov.br\/noticias\/wp-json\/wp\/v2\/media\/208558"}],"wp:attachment":[{"href":"https:\/\/jundiai.sp.gov.br\/noticias\/wp-json\/wp\/v2\/media?parent=208557"}],"wp:term":[{"taxonomy":"category","embeddable":true,"href":"https:\/\/jundiai.sp.gov.br\/noticias\/wp-json\/wp\/v2\/categories?post=208557"},{"taxonomy":"post_tag","embeddable":true,"href":"https:\/\/jundiai.sp.gov.br\/noticias\/wp-json\/wp\/v2\/tags?post=208557"},{"taxonomy":"ods","embeddable":true,"href":"https:\/\/jundiai.sp.gov.br\/noticias\/wp-json\/wp\/v2\/ods?post=208557"}],"curies":[{"name":"wp","href":"https:\/\/api.w.org\/{rel}","templated":true}]}}