{"id":208605,"date":"2017-11-08T18:19:07","date_gmt":"2017-11-08T20:19:07","guid":{"rendered":"https:\/\/jundiai.sp.gov.br\/noticias\/?p=208605"},"modified":"2018-01-04T17:01:30","modified_gmt":"2018-01-04T19:01:30","slug":"cultura-abre-inscricoes-para-a-corte-da-uva-2018","status":"publish","type":"post","link":"https:\/\/jundiai.sp.gov.br\/noticias\/2017\/11\/08\/cultura-abre-inscricoes-para-a-corte-da-uva-2018\/","title":{"rendered":"Cultura abre inscri\u00e7\u00f5es para a Corte da Uva 2018"},"content":{"rendered":"<div id=\"attachment_208606\" style=\"width: 410px\" class=\"wp-caption alignright\"><a href=\"https:\/\/jundiai.sp.gov.br\/noticias\/wp-content\/uploads\/sites\/32\/2017\/11\/corte_da_uva2017.jpg\"><img loading=\"lazy\" decoding=\"async\" aria-describedby=\"caption-attachment-208606\" class=\"size-full wp-image-208606\" src=\"https:\/\/jundiai.sp.gov.br\/noticias\/wp-content\/uploads\/sites\/32\/2017\/11\/corte_da_uva2017.jpg\" alt=\"\" width=\"400\" height=\"350\" \/><\/a><p id=\"caption-attachment-208606\" class=\"wp-caption-text\">Pisa da uva \u00e9 uma das atra\u00e7\u00f5es mais procuradas durante a Festa<\/p><\/div>\n<p><strong>A Unidade de Gest\u00e3o de Cultura est\u00e1 com inscri\u00e7\u00f5es abertas para a Corte da\u00a0<a href=\"https:\/\/festadauva.jundiai.sp.gov.br\/\" target=\"_blank\" rel=\"noopener noreferrer\">35\u00aa Festa da Uva e VI Expo Vinhos de 2018<\/a>. As interessadas em ser Rainha e 1\u00aa e 2\u00aa Princesas da Festa podem se inscrever no Complexo Fepasa, avenida Uni\u00e3o dos Ferrovi\u00e1rios, 1760, at\u00e9 o dia 21 de dezembro, de segunda a sexta-feira, exceto aos feriados e pontos facultativos, das 9h \u00e0s 17h.<\/strong><\/p>\n<p>As concorrentes devem ter entre 18 e 29 anos (completos ou a serem completados at\u00e9 dezembro deste ano), residir em Jundia\u00ed h\u00e1, pelo menos, um ano, e atender \u00e0s especificidades de disponibilidade para ensaios e participa\u00e7\u00f5es descritos no\u00a0<strong><a href=\"http:\/\/cultura.jundiai.sp.gov.br\/wp-content\/uploads\/2014\/09\/Concurso-004-17.pdf\" target=\"_blank\" rel=\"noopener noreferrer\">edital de concurso n\u00ba 004\/2017<\/a><\/strong>. N\u00e3o podem se inscrever candidatas que j\u00e1 tenham representado o Munic\u00edpio em Cortes de outros eventos, como a Festa da Uva e Carnaval nos anos de 2016 e 2017.<\/p>\n<p><strong>LEIA TAMB\u00c9M<\/strong><br \/>\n<a href=\"https:\/\/jundiai.sp.gov.br\/noticias\/2017\/11\/08\/encontro-de-corais-tem-inscricoes-gratuitas-de-oficinas\/\">Encontro de Corais tem inscri\u00e7\u00f5es gratuitas de oficinas<\/a><\/p>\n<p>No ato da inscri\u00e7\u00e3o, s\u00e3o necess\u00e1rias as c\u00f3pias do documento de identidade e do comprovante de resid\u00eancia da candidata, al\u00e9m de duas fotos coloridas profissionais em alta qualidade e com poses diferentes, no tamanho 13 por 18 cent\u00edmetros.<\/p>\n<p>A elei\u00e7\u00e3o da Corte ser\u00e1 realizada por Comiss\u00e3o Julgadora de tr\u00eas pessoas indicadas pela Comiss\u00e3o Organizadora da Festa no dia 5 de janeiro de 2018, \u00e0s 19h30, no Complexo Fepasa. Ser\u00e1 eleita Rainha da Festa a candidata com maior pontua\u00e7\u00e3o, e que receber\u00e1 como premia\u00e7\u00e3o a quantia de R$ 5000,00, e Princesas a segunda e terceira colocadas,\u00a0que receber\u00e3o, respectivamente, R$ 3500,00 a 1\u00aa princesa e R$ 2500,00 a 2\u00aa princesa.<\/p>\n<p>Outros detalhes quanto ao processo seletivo, eventual fase preliminar eliminat\u00f3ria para o caso de ultrapassar o n\u00famero de 20 inscritas, crit\u00e9rios de desempate e cronograma de atividades da Corte eleita durante a Festa est\u00e3o dispon\u00edveis no\u00a0<strong><a href=\"http:\/\/cultura.jundiai.sp.gov.br\/wp-content\/uploads\/2014\/09\/Concurso-004-17.pdf\" target=\"_blank\" rel=\"noopener noreferrer\">edital de concurso n\u00ba 004\/2017<\/a><\/strong>.<\/p>\n<p>A 35\u00aa Festa da Uva e VI Expo Vinhos \u00e9 uma parceria entre as Unidade de Gest\u00e3o de Cultura e de Agroneg\u00f3cio, Abastecimento e Turismo e ser\u00e1 realizada nos dias 18, 19, 20, 21, 26, 27 e 28 de janeiro e 2, 3 e 4 de fevereiro, \u00e0s sextas-feiras, das 18h \u00e0s 22h; aos s\u00e1bados, das 10h \u00e0s 22h; e aos domingos, das 10h \u00e0s 20h; no Parque Comendador Ant\u00f4nio Carbonari (Parque da Uva). Mais informa\u00e7\u00f5es podem ser obtidas pelo telefone (11) 4522-4727.<\/p>\n<p><strong><em>Assessoria de Imprensa<br \/>\nFoto: Arquivo PMJ<\/em><\/strong><\/p>\n","protected":false},"excerpt":{"rendered":"<p>As interessadas em ser Rainha e 1\u00aa e 2\u00aa Princesas da Festa podem se inscrever no Complexo Fepasa at\u00e9 21 de dezembro<\/p>\n","protected":false},"author":30,"featured_media":208608,"comment_status":"closed","ping_status":"closed","sticky":false,"template":"","format":"standard","meta":{"footnotes":""},"categories":[2],"tags":[1055,974,29,7],"ods":[],"class_list":["post-208605","post","type-post","status-publish","format-standard","has-post-thumbnail","hentry","category-noticias","tag-35a-festa-da-uva-e-6a-expo-vinhos","tag-agronegocio-abastecimento-e-turismo","tag-cultura","tag-festa-da-uva"],"_links":{"self":[{"href":"https:\/\/jundiai.sp.gov.br\/noticias\/wp-json\/wp\/v2\/posts\/208605","targetHints":{"allow":["GET"]}}],"collection":[{"href":"https:\/\/jundiai.sp.gov.br\/noticias\/wp-json\/wp\/v2\/posts"}],"about":[{"href":"https:\/\/jundiai.sp.gov.br\/noticias\/wp-json\/wp\/v2\/types\/post"}],"author":[{"embeddable":true,"href":"https:\/\/jundiai.sp.gov.br\/noticias\/wp-json\/wp\/v2\/users\/30"}],"replies":[{"embeddable":true,"href":"https:\/\/jundiai.sp.gov.br\/noticias\/wp-json\/wp\/v2\/comments?post=208605"}],"version-history":[{"count":4,"href":"https:\/\/jundiai.sp.gov.br\/noticias\/wp-json\/wp\/v2\/posts\/208605\/revisions"}],"predecessor-version":[{"id":208612,"href":"https:\/\/jundiai.sp.gov.br\/noticias\/wp-json\/wp\/v2\/posts\/208605\/revisions\/208612"}],"wp:featuredmedia":[{"embeddable":true,"href":"https:\/\/jundiai.sp.gov.br\/noticias\/wp-json\/wp\/v2\/media\/208608"}],"wp:attachment":[{"href":"https:\/\/jundiai.sp.gov.br\/noticias\/wp-json\/wp\/v2\/media?parent=208605"}],"wp:term":[{"taxonomy":"category","embeddable":true,"href":"https:\/\/jundiai.sp.gov.br\/noticias\/wp-json\/wp\/v2\/categories?post=208605"},{"taxonomy":"post_tag","embeddable":true,"href":"https:\/\/jundiai.sp.gov.br\/noticias\/wp-json\/wp\/v2\/tags?post=208605"},{"taxonomy":"ods","embeddable":true,"href":"https:\/\/jundiai.sp.gov.br\/noticias\/wp-json\/wp\/v2\/ods?post=208605"}],"curies":[{"name":"wp","href":"https:\/\/api.w.org\/{rel}","templated":true}]}}