{"id":208620,"date":"2017-11-09T16:44:51","date_gmt":"2017-11-09T18:44:51","guid":{"rendered":"https:\/\/jundiai.sp.gov.br\/noticias\/?p=208620"},"modified":"2017-11-09T18:42:50","modified_gmt":"2017-11-09T20:42:50","slug":"jovens-em-situacao-de-vulnerabilidade-iniciam-curso-de-capacitacao","status":"publish","type":"post","link":"https:\/\/jundiai.sp.gov.br\/noticias\/2017\/11\/09\/jovens-em-situacao-de-vulnerabilidade-iniciam-curso-de-capacitacao\/","title":{"rendered":"Jovens em situa\u00e7\u00e3o de vulnerabilidade iniciam curso de capacita\u00e7\u00e3o"},"content":{"rendered":"<div id=\"attachment_208622\" style=\"width: 410px\" class=\"wp-caption alignleft\"><a href=\"https:\/\/jundiai.sp.gov.br\/noticias\/wp-content\/uploads\/sites\/32\/2017\/11\/inicio-aulas-via-rapido-7.jpg\"><img loading=\"lazy\" decoding=\"async\" aria-describedby=\"caption-attachment-208622\" class=\"size-full wp-image-208622\" src=\"https:\/\/jundiai.sp.gov.br\/noticias\/wp-content\/uploads\/sites\/32\/2017\/11\/inicio-aulas-via-rapido-7.jpg\" alt=\"\" width=\"400\" height=\"350\" \/><\/a><p id=\"caption-attachment-208622\" class=\"wp-caption-text\">Primeira aula da turma da manh\u00e3 contou com a participa\u00e7\u00e3o de cerca de 20 jovens<\/p><\/div>\n<p><strong>Nesta quinta-feira (09), cerca de 60 jovens jundiaienses em situa\u00e7\u00e3o de vulnerabilidade social (alguns em cumprimento de liberdade assistida) come\u00e7aram o curso de \u201cManuten\u00e7\u00e3o de Motos\u201d, oferecido na carreta do programa \u201cVia R\u00e1pida Emprego\u201d por meio de uma parceria entre a Prefeitura, por meio da Unidade de Gest\u00e3o de Assist\u00eancia e Desenvolvimento Social (UGADS) e o Centro Paula Souza. A carreta ficar\u00e1 estacionada no Pa\u00e7o Municipal por 20 dias.<\/strong><\/p>\n<p>Minutos antes do in\u00edcio da primeira aula, o prefeito Luiz Fernando Machado visitou a carreta e conversou com os alunos do turno da manh\u00e3. \u201cFiz quest\u00e3o de cumpriment\u00e1-los porque quero refor\u00e7ar aqui o nosso compromisso com pol\u00edticas p\u00fablicas que apoiem a inser\u00e7\u00e3o de jovens no mercado de trabalho. Acreditamos muito em voc\u00eas e esperamos que aproveitem essa grande oportunidade\u201d, afirmou o chefe do Executivo.<\/p>\n<p><strong>LEIA TAMB\u00c9M<\/strong><br \/>\n<a href=\"https:\/\/jundiai.sp.gov.br\/noticias\/2017\/10\/24\/jovem-de-futuro-vai-beneficiar-adolescentes-em-busca-do-primeiro-emprego\/\">Jovem de Futuro vai beneficiar adolescentes em busca do emprego<\/a><\/p>\n<div id=\"attachment_208624\" style=\"width: 410px\" class=\"wp-caption alignright\"><a href=\"https:\/\/jundiai.sp.gov.br\/noticias\/wp-content\/uploads\/sites\/32\/2017\/11\/inicio-aulas-via-rapido-5.jpg\"><img loading=\"lazy\" decoding=\"async\" aria-describedby=\"caption-attachment-208624\" class=\"size-full wp-image-208624\" src=\"https:\/\/jundiai.sp.gov.br\/noticias\/wp-content\/uploads\/sites\/32\/2017\/11\/inicio-aulas-via-rapido-5.jpg\" alt=\"\" width=\"400\" height=\"350\" \/><\/a><p id=\"caption-attachment-208624\" class=\"wp-caption-text\">Prefeito refor\u00e7ou compromisso com pol\u00edticas p\u00fablicas voltadas aos jovens<\/p><\/div>\n<p>A gestora da UGADS, N\u00e1dia Tafarello, ressaltou que, ao final do curso, os jovens ter\u00e3o apoio da unidade tamb\u00e9m no direcionamento para o mercado. \u201cEnquanto o curso \u00e9 realizado, a equipe da unidade manter\u00e1 contato com empres\u00e1rios do setor para que venham conhecer a estrutura da carreta, a programa\u00e7\u00e3o do curso e, inclusive, a possibilidade de aproveitamento da m\u00e3o de obra que ser\u00e1 formada em suas\u00a0empresas ou oficinas\u201d, explicou.<\/p>\n<p>Para o juiz da Vara da Inf\u00e2ncia e Juventude de Jundia\u00ed, Jeferson Barbin Torelli, que tamb\u00e9m esteve presente, a realiza\u00e7\u00e3o do curso \u00e9 uma prova de que o poder p\u00fablico est\u00e1 atento \u00e0s quest\u00f5es de vulnerabilidade social do Munic\u00edpio. \u201cA profissionaliza\u00e7\u00e3o \u00e9 um dos principais caminhos para promover uma mudan\u00e7a positiva na vida dos jovens\u201d, destacou.<\/p>\n<p><em><strong>Assessoria de Imprensa<\/strong><\/em><br \/>\n<em><strong>Foto: Fot\u00f3grafos PMJ<\/strong><\/em><\/p>\n","protected":false},"excerpt":{"rendered":"<p>Aulas sobre \u201cManuten\u00e7\u00e3o de Motos\u201d \u00e9 oferecido na carreta do programa \u201cVia R\u00e1pida Emprego\u201d, que ficar\u00e1 estacionada no Pa\u00e7o por 20 dias<\/p>\n","protected":false},"author":30,"featured_media":208666,"comment_status":"closed","ping_status":"closed","sticky":false,"template":"","format":"standard","meta":{"footnotes":""},"categories":[2],"tags":[980,138],"ods":[],"class_list":["post-208620","post","type-post","status-publish","format-standard","has-post-thumbnail","hentry","category-noticias","tag-assistencia-e-desenvolvimento-social","tag-paco-municipal"],"_links":{"self":[{"href":"https:\/\/jundiai.sp.gov.br\/noticias\/wp-json\/wp\/v2\/posts\/208620","targetHints":{"allow":["GET"]}}],"collection":[{"href":"https:\/\/jundiai.sp.gov.br\/noticias\/wp-json\/wp\/v2\/posts"}],"about":[{"href":"https:\/\/jundiai.sp.gov.br\/noticias\/wp-json\/wp\/v2\/types\/post"}],"author":[{"embeddable":true,"href":"https:\/\/jundiai.sp.gov.br\/noticias\/wp-json\/wp\/v2\/users\/30"}],"replies":[{"embeddable":true,"href":"https:\/\/jundiai.sp.gov.br\/noticias\/wp-json\/wp\/v2\/comments?post=208620"}],"version-history":[{"count":8,"href":"https:\/\/jundiai.sp.gov.br\/noticias\/wp-json\/wp\/v2\/posts\/208620\/revisions"}],"predecessor-version":[{"id":208669,"href":"https:\/\/jundiai.sp.gov.br\/noticias\/wp-json\/wp\/v2\/posts\/208620\/revisions\/208669"}],"wp:featuredmedia":[{"embeddable":true,"href":"https:\/\/jundiai.sp.gov.br\/noticias\/wp-json\/wp\/v2\/media\/208666"}],"wp:attachment":[{"href":"https:\/\/jundiai.sp.gov.br\/noticias\/wp-json\/wp\/v2\/media?parent=208620"}],"wp:term":[{"taxonomy":"category","embeddable":true,"href":"https:\/\/jundiai.sp.gov.br\/noticias\/wp-json\/wp\/v2\/categories?post=208620"},{"taxonomy":"post_tag","embeddable":true,"href":"https:\/\/jundiai.sp.gov.br\/noticias\/wp-json\/wp\/v2\/tags?post=208620"},{"taxonomy":"ods","embeddable":true,"href":"https:\/\/jundiai.sp.gov.br\/noticias\/wp-json\/wp\/v2\/ods?post=208620"}],"curies":[{"name":"wp","href":"https:\/\/api.w.org\/{rel}","templated":true}]}}