{"id":208655,"date":"2017-11-09T18:18:38","date_gmt":"2017-11-09T20:18:38","guid":{"rendered":"https:\/\/jundiai.sp.gov.br\/noticias\/?p=208655"},"modified":"2017-11-09T18:18:38","modified_gmt":"2017-11-09T20:18:38","slug":"equipe-da-saude-esclarece-duvidas-de-comissao-da-camara","status":"publish","type":"post","link":"https:\/\/jundiai.sp.gov.br\/noticias\/2017\/11\/09\/equipe-da-saude-esclarece-duvidas-de-comissao-da-camara\/","title":{"rendered":"Equipe da Sa\u00fade esclarece d\u00favidas de comiss\u00e3o da C\u00e2mara"},"content":{"rendered":"<p><div id=\"attachment_208657\" style=\"width: 410px\" class=\"wp-caption alignleft\"><a href=\"https:\/\/jundiai.sp.gov.br\/noticias\/wp-content\/uploads\/sites\/32\/2017\/11\/apresentacao-tiago-saude-na-camara_c_5.jpg\"><img loading=\"lazy\" decoding=\"async\" aria-describedby=\"caption-attachment-208657\" src=\"https:\/\/jundiai.sp.gov.br\/noticias\/wp-content\/uploads\/sites\/32\/2017\/11\/apresentacao-tiago-saude-na-camara_c_5.jpg\" alt=\"\" width=\"400\" height=\"350\" class=\"size-full wp-image-208657\" \/><\/a><p id=\"caption-attachment-208657\" class=\"wp-caption-text\">Reuni\u00e3o aconteceu na quinta-feira (9), na C\u00e2mara<br \/><\/p><\/div><strong>A equipe t\u00e9cnica de gestores da Unidade de Gest\u00e3o de Promo\u00e7\u00e3o da Sa\u00fade (UGPS) participou da reuni\u00e3o ordin\u00e1ria da Comiss\u00e3o de Sa\u00fade, Assist\u00eancia Social e Previd\u00eancia (COSAP) da C\u00e2mara de Jundia\u00ed, nesta quinta-feira (9), para esclarecer d\u00favidas dos vereadores. O funcionamento da Unidade de Pronto Atendimento (UPA) e da Cl\u00ednica da Fam\u00edlia, no Novo Horizonte, foi esclarecido aos parlamentares.<\/strong><\/p>\n<p><strong>LEIA TAMB\u00c9M<\/strong><br \/>\n<a href=\"https:\/\/jundiai.sp.gov.br\/noticias\/2017\/11\/09\/jundiai-participa-do-todos-juntos-contra-o-aedes\/\">Jundia\u00ed participa do \u2018Todos juntos contra o aedes\u2019<\/a><\/p>\n<p>\u201cA partir do in\u00edcio do funcionamento dos equipamentos UPA e Cl\u00ednica da Fam\u00edlia, a inten\u00e7\u00e3o \u00e9 que, em m\u00e9dio prazo, 80% das demandas em sa\u00fade daquela regi\u00e3o n\u00e3o cheguem at\u00e9 o Hospital S\u00e3o Vicente de Paulo (HSVP) ou PAs, por conta da resolutividade. Ser\u00e3o ofertados Raio-X, Ultrassonografia e an\u00e1lises cl\u00ednicas, al\u00e9m de atendimento com especialidades, como ortopedista. A Cl\u00ednica da Fam\u00edlia atender\u00e1 aos 40 mil habitantes daquela regi\u00e3o, j\u00e1 a UPA, aos 120 mil habitantes do vetor\u201d, detalha o gestor Tiago Texera.<\/p>\n<p>Ser\u00e1 agendada outra reuni\u00e3o, espec\u00edfica para se tratar sobre os hospitais da cidade.<\/p>\n<p><em><strong>Assessoria de Imprensa<\/strong><\/em><br \/>\n<em><strong>Foto: Fot\u00f3grafos PMJ<\/strong><\/em><\/p>\n","protected":false},"excerpt":{"rendered":"<p>A equipe t\u00e9cnica de gestores da Unidade de Gest\u00e3o de Promo\u00e7\u00e3o da Sa\u00fade (UGPS) participou da reuni\u00e3o ordin\u00e1ria da Comiss\u00e3o de Sa\u00fade, Assist\u00eancia Social e Previd\u00eancia (COSAP) da C\u00e2mara de Jundia\u00ed, nesta quinta-feira (9), para esclarecer d\u00favidas dos vereadores. O funcionamento da Unidade de Pronto Atendimento (UPA) e da Cl\u00ednica da Fam\u00edlia, no Novo Horizonte, [&hellip;]<\/p>\n","protected":false},"author":30,"featured_media":0,"comment_status":"closed","ping_status":"closed","sticky":false,"template":"","format":"standard","meta":{"footnotes":""},"categories":[2],"tags":[321,981],"ods":[],"class_list":["post-208655","post","type-post","status-publish","format-standard","hentry","category-noticias","tag-hospital-de-caridade-sao-vicente-de-paulo","tag-promocao-da-saude"],"_links":{"self":[{"href":"https:\/\/jundiai.sp.gov.br\/noticias\/wp-json\/wp\/v2\/posts\/208655","targetHints":{"allow":["GET"]}}],"collection":[{"href":"https:\/\/jundiai.sp.gov.br\/noticias\/wp-json\/wp\/v2\/posts"}],"about":[{"href":"https:\/\/jundiai.sp.gov.br\/noticias\/wp-json\/wp\/v2\/types\/post"}],"author":[{"embeddable":true,"href":"https:\/\/jundiai.sp.gov.br\/noticias\/wp-json\/wp\/v2\/users\/30"}],"replies":[{"embeddable":true,"href":"https:\/\/jundiai.sp.gov.br\/noticias\/wp-json\/wp\/v2\/comments?post=208655"}],"version-history":[{"count":4,"href":"https:\/\/jundiai.sp.gov.br\/noticias\/wp-json\/wp\/v2\/posts\/208655\/revisions"}],"predecessor-version":[{"id":208660,"href":"https:\/\/jundiai.sp.gov.br\/noticias\/wp-json\/wp\/v2\/posts\/208655\/revisions\/208660"}],"wp:attachment":[{"href":"https:\/\/jundiai.sp.gov.br\/noticias\/wp-json\/wp\/v2\/media?parent=208655"}],"wp:term":[{"taxonomy":"category","embeddable":true,"href":"https:\/\/jundiai.sp.gov.br\/noticias\/wp-json\/wp\/v2\/categories?post=208655"},{"taxonomy":"post_tag","embeddable":true,"href":"https:\/\/jundiai.sp.gov.br\/noticias\/wp-json\/wp\/v2\/tags?post=208655"},{"taxonomy":"ods","embeddable":true,"href":"https:\/\/jundiai.sp.gov.br\/noticias\/wp-json\/wp\/v2\/ods?post=208655"}],"curies":[{"name":"wp","href":"https:\/\/api.w.org\/{rel}","templated":true}]}}