{"id":208776,"date":"2017-11-11T20:40:30","date_gmt":"2017-11-11T22:40:30","guid":{"rendered":"https:\/\/jundiai.sp.gov.br\/noticias\/?p=208776"},"modified":"2017-11-11T20:52:37","modified_gmt":"2017-11-11T22:52:37","slug":"propostas-para-plano-diretor-serao-debatidas","status":"publish","type":"post","link":"https:\/\/jundiai.sp.gov.br\/noticias\/2017\/11\/11\/propostas-para-plano-diretor-serao-debatidas\/","title":{"rendered":"Propostas para Plano Diretor ser\u00e3o debatidas"},"content":{"rendered":"<div id=\"attachment_208777\" style=\"width: 410px\" class=\"wp-caption alignleft\"><a href=\"https:\/\/jundiai.sp.gov.br\/noticias\/wp-content\/uploads\/sites\/32\/2017\/11\/unip_forum_plano_diretor-41.jpg\"><img loading=\"lazy\" decoding=\"async\" aria-describedby=\"caption-attachment-208777\" class=\"size-full wp-image-208777\" src=\"https:\/\/jundiai.sp.gov.br\/noticias\/wp-content\/uploads\/sites\/32\/2017\/11\/unip_forum_plano_diretor-41.jpg\" alt=\"\" width=\"400\" height=\"350\" \/><\/a><p id=\"caption-attachment-208777\" class=\"wp-caption-text\">Evento contou com a participa\u00e7\u00e3o do prefeito Luiz Fernando Machado, no audit\u00f3rio da Unip<\/p><\/div>\n<p><strong>O \u2018F\u00f3rum de Avalia\u00e7\u00e3o do Plano Diretor \u2013 A cidade que queremos\u2019, realizado s\u00e1bado (11), no audit\u00f3rio da Unip, reuniu propostas de melhorias para o Plano Diretor. A partir de agora, as sugest\u00f5es ser\u00e3o encaminhadas para a administra\u00e7\u00e3o municipal para a an\u00e1lise. A lei passar\u00e1 por releitura completa em processo participativo. Aberto ao p\u00fablico, o f\u00f3rum contou com a participa\u00e7\u00e3o de 200 pessoas.<\/strong><\/p>\n<p>O prefeito Luiz Fernando Machado compareceu \u00e0 abertura. \u201cO Plano Diretor \u00e9 uma discuss\u00e3o que interessa \u00e0 cidade. Temos humildade para reconhecer os pontos positivos e melhorar os negativos\u201d, lembrou o prefeito, durante abertura.<\/p>\n<p>Para o presidente do Conselho Municipal de Pol\u00edtica Territorial, Daniel Motta, o f\u00f3rum foi uma oportunidade de constru\u00e7\u00e3o de di\u00e1logo. \u201cA participa\u00e7\u00e3o de todos os setores foi fundamental para representar a diversidade. Todos os setores foram contemplados e tiveram voz para o debate. Durante o evento foram apresentadas algumas falhas no entendimento e j\u00e1 foram resolvidas. Conseguimos elencar 32 propostas que ser\u00e3o encaminhadas para a administra\u00e7\u00e3o para an\u00e1lise\u201d, detalha.<\/p>\n<p>LEIA TAMB\u00c9M<br \/>\n<a href=\"https:\/\/jundiai.sp.gov.br\/noticias\/2017\/11\/10\/com-apoio-de-empresas-e-organizacoes-rede-jundiai-de-cooperacao-e-lancada\/\">Rede de Coopera\u00e7\u00e3o \u00e9 lan\u00e7ada com apoio de empresas e organiza\u00e7\u00f5es<\/a><\/p>\n<p>O gestor da Unidade de Gest\u00e3o de Planejamento e Meio Ambiente (UGPUMA), Sin\u00e9sio Scarabello Filho, tamb\u00e9m aponta saldo positivo. \u201cFicou clara a necessidade de ajustes em alguns pontos do Plano Diretor. Ser\u00e1 feita uma releitura em um amplo processo participativo e transparente. A agenda ser\u00e1 estabelecida e as primeiras discuss\u00f5es devem acontecer ainda neste m\u00eas\u201d, afirma.<\/p>\n<p>Todos os gestores da administra\u00e7\u00e3o municipal tamb\u00e9m participaram do evento, j\u00e1 que o Plano Diretor norteia a elabora\u00e7\u00e3o do Plano Plurianual e Lei de Diretrizes Or\u00e7ament\u00e1rias.<\/p>\n<p><em><strong>Assessoria de Imprensa<br \/>\nFotos: Fot\u00f3grafos PMJ<\/strong><\/em><\/p>\n","protected":false},"excerpt":{"rendered":"<p>Aberto ao p\u00fablico, o f\u00f3rum contou com a participa\u00e7\u00e3o de 200 pessoas, que tiveram a oportunidade de debater sobre o assunto <\/p>\n","protected":false},"author":33,"featured_media":208784,"comment_status":"closed","ping_status":"closed","sticky":false,"template":"","format":"standard","meta":{"footnotes":""},"categories":[2],"tags":[984,58],"ods":[],"class_list":["post-208776","post","type-post","status-publish","format-standard","has-post-thumbnail","hentry","category-noticias","tag-planejamento-urbano-e-meio-ambiente","tag-prefeito"],"_links":{"self":[{"href":"https:\/\/jundiai.sp.gov.br\/noticias\/wp-json\/wp\/v2\/posts\/208776","targetHints":{"allow":["GET"]}}],"collection":[{"href":"https:\/\/jundiai.sp.gov.br\/noticias\/wp-json\/wp\/v2\/posts"}],"about":[{"href":"https:\/\/jundiai.sp.gov.br\/noticias\/wp-json\/wp\/v2\/types\/post"}],"author":[{"embeddable":true,"href":"https:\/\/jundiai.sp.gov.br\/noticias\/wp-json\/wp\/v2\/users\/33"}],"replies":[{"embeddable":true,"href":"https:\/\/jundiai.sp.gov.br\/noticias\/wp-json\/wp\/v2\/comments?post=208776"}],"version-history":[{"count":9,"href":"https:\/\/jundiai.sp.gov.br\/noticias\/wp-json\/wp\/v2\/posts\/208776\/revisions"}],"predecessor-version":[{"id":208787,"href":"https:\/\/jundiai.sp.gov.br\/noticias\/wp-json\/wp\/v2\/posts\/208776\/revisions\/208787"}],"wp:featuredmedia":[{"embeddable":true,"href":"https:\/\/jundiai.sp.gov.br\/noticias\/wp-json\/wp\/v2\/media\/208784"}],"wp:attachment":[{"href":"https:\/\/jundiai.sp.gov.br\/noticias\/wp-json\/wp\/v2\/media?parent=208776"}],"wp:term":[{"taxonomy":"category","embeddable":true,"href":"https:\/\/jundiai.sp.gov.br\/noticias\/wp-json\/wp\/v2\/categories?post=208776"},{"taxonomy":"post_tag","embeddable":true,"href":"https:\/\/jundiai.sp.gov.br\/noticias\/wp-json\/wp\/v2\/tags?post=208776"},{"taxonomy":"ods","embeddable":true,"href":"https:\/\/jundiai.sp.gov.br\/noticias\/wp-json\/wp\/v2\/ods?post=208776"}],"curies":[{"name":"wp","href":"https:\/\/api.w.org\/{rel}","templated":true}]}}