{"id":208837,"date":"2017-11-13T17:30:36","date_gmt":"2017-11-13T19:30:36","guid":{"rendered":"https:\/\/jundiai.sp.gov.br\/noticias\/?p=208837"},"modified":"2017-11-13T17:30:36","modified_gmt":"2017-11-13T19:30:36","slug":"programacao-do-encontro-de-corais-segue-com-oficina-e-apresentacoes-gratuitas","status":"publish","type":"post","link":"https:\/\/jundiai.sp.gov.br\/noticias\/2017\/11\/13\/programacao-do-encontro-de-corais-segue-com-oficina-e-apresentacoes-gratuitas\/","title":{"rendered":"Programa\u00e7\u00e3o do Encontro de Corais segue com oficina e apresenta\u00e7\u00f5es gratuitas"},"content":{"rendered":"<p><div id=\"attachment_208840\" style=\"width: 410px\" class=\"wp-caption alignleft\"><a href=\"https:\/\/jundiai.sp.gov.br\/noticias\/wp-content\/uploads\/sites\/32\/2017\/11\/polytheama_coral-25.jpg\"><img loading=\"lazy\" decoding=\"async\" aria-describedby=\"caption-attachment-208840\" src=\"https:\/\/jundiai.sp.gov.br\/noticias\/wp-content\/uploads\/sites\/32\/2017\/11\/polytheama_coral-25.jpg\" alt=\"\" width=\"400\" height=\"350\" class=\"size-full wp-image-208840\" \/><\/a><p id=\"caption-attachment-208840\" class=\"wp-caption-text\">Cerca de 20 corais subiram ao palco do Polytheama pela Mostra Oficial do Encontro no fim de semana<br \/><\/p><\/div><strong>Repetindo o sucesso das apresenta\u00e7\u00f5es pelas mostras Oficial e Paralela durante o fim de semana, a 28\u00aa edi\u00e7\u00e3o do Encontro de Corais de Jundia\u00ed segue com suas apresenta\u00e7\u00f5es gratuitas durante esta semana.<\/strong><\/p>\n<p>Nesta ter\u00e7a-feira (14), a partir das 20h, a Catedral Nossa Senhora do Desterro recebe as apresenta\u00e7\u00f5es dos Corais: Infantil Escola Crist\u00e3 de Jundia\u00ed, Infanto-Juvenil Musicarte, Municipal V\u00e1rzea em Canto e Jundiaiense de M\u00fasica Sertaneja. A catedral fica na Pra\u00e7a Governador Pedro de Toledo, Centro.<\/p>\n<p><strong>LEIA TAMB\u00c9M<\/strong><br \/>\n<a href=\"https:\/\/jundiai.sp.gov.br\/noticias\/2017\/11\/13\/cultura-apresenta-calendario-de-eventos-para-o-aniversario-da-cidade\/\">Cultura apresenta calend\u00e1rio de eventos para o anivers\u00e1rio da cidade<\/a><\/p>\n<p>J\u00e1 os cantores e regentes de corais podem participar da oficina \u201cPreparo vocal para cantores corais\u201d, com o regente \u00c2ngelo Fernandes, que ser\u00e1 realizada na Sala dos Rel\u00f3gios do Complexo Fepasa nesta quarta-feira (15), \u00e0s 16h.\u00a0<strong><a href=\"https:\/\/docs.google.com\/forms\/d\/1_7U3ORqGvtIKUAfI9AP8DxO861UESoUvBG2ItPDddCg\/edit\" target=\"_blank\" rel=\"noopener noreferrer\">Os interessados devem se inscrever pela internet<\/a><\/strong>. O Complexo Fepasa fica na avenida Uni\u00e3o dos Ferrovi\u00e1rios, 1760.<\/p>\n<p>Na quinta-feira (16), a par\u00f3quia Santa Teresinha, tamb\u00e9m conhecida por igreja da Barreira, recebe, a partir das 20h, as apresenta\u00e7\u00f5es dos corais Vida Iluminada, Cantura, Unimed Jundia\u00ed e Celmi-AAPJR. A par\u00f3quia fica na avenida Itatiba, 273, vila Liberdade.<\/p>\n<p>As apresenta\u00e7\u00f5es do Encontro de Corais s\u00e3o gratuitas e n\u00e3o h\u00e1 distribui\u00e7\u00e3o de ingressos.<\/p>\n<p>Toda a agenda cultural da cidade pode ser consultada direto no celular pelo\u00a0<strong><a href=\"https:\/\/jundiai.sp.gov.br\/aplicativo-prefeitura-de-jundiai\/\" target=\"_blank\" rel=\"noopener noreferrer\">Aplicativo Jundia\u00ed<\/a><\/strong>, ferramenta que facilita o acesso dos cidad\u00e3os aos servi\u00e7os da Prefeitura.<\/p>\n<p><strong><em>Assessoria de Imprensa<br \/>\nFoto: Fot\u00f3grafos PMJ<\/em><\/strong><\/p>\n","protected":false},"excerpt":{"rendered":"<p>Repetindo o sucesso das apresenta\u00e7\u00f5es pelas mostras Oficial e Paralela durante o fim de semana, a 28\u00aa edi\u00e7\u00e3o do Encontro de Corais de Jundia\u00ed segue com suas apresenta\u00e7\u00f5es gratuitas durante esta semana. Nesta ter\u00e7a-feira (14), a partir das 20h, a Catedral Nossa Senhora do Desterro recebe as apresenta\u00e7\u00f5es dos Corais: Infantil Escola Crist\u00e3 de Jundia\u00ed, [&hellip;]<\/p>\n","protected":false},"author":30,"featured_media":0,"comment_status":"closed","ping_status":"closed","sticky":false,"template":"","format":"standard","meta":{"footnotes":""},"categories":[2],"tags":[29,434],"ods":[],"class_list":["post-208837","post","type-post","status-publish","format-standard","hentry","category-noticias","tag-cultura","tag-encontro-de-corais-municipais"],"_links":{"self":[{"href":"https:\/\/jundiai.sp.gov.br\/noticias\/wp-json\/wp\/v2\/posts\/208837","targetHints":{"allow":["GET"]}}],"collection":[{"href":"https:\/\/jundiai.sp.gov.br\/noticias\/wp-json\/wp\/v2\/posts"}],"about":[{"href":"https:\/\/jundiai.sp.gov.br\/noticias\/wp-json\/wp\/v2\/types\/post"}],"author":[{"embeddable":true,"href":"https:\/\/jundiai.sp.gov.br\/noticias\/wp-json\/wp\/v2\/users\/30"}],"replies":[{"embeddable":true,"href":"https:\/\/jundiai.sp.gov.br\/noticias\/wp-json\/wp\/v2\/comments?post=208837"}],"version-history":[{"count":3,"href":"https:\/\/jundiai.sp.gov.br\/noticias\/wp-json\/wp\/v2\/posts\/208837\/revisions"}],"predecessor-version":[{"id":208841,"href":"https:\/\/jundiai.sp.gov.br\/noticias\/wp-json\/wp\/v2\/posts\/208837\/revisions\/208841"}],"wp:attachment":[{"href":"https:\/\/jundiai.sp.gov.br\/noticias\/wp-json\/wp\/v2\/media?parent=208837"}],"wp:term":[{"taxonomy":"category","embeddable":true,"href":"https:\/\/jundiai.sp.gov.br\/noticias\/wp-json\/wp\/v2\/categories?post=208837"},{"taxonomy":"post_tag","embeddable":true,"href":"https:\/\/jundiai.sp.gov.br\/noticias\/wp-json\/wp\/v2\/tags?post=208837"},{"taxonomy":"ods","embeddable":true,"href":"https:\/\/jundiai.sp.gov.br\/noticias\/wp-json\/wp\/v2\/ods?post=208837"}],"curies":[{"name":"wp","href":"https:\/\/api.w.org\/{rel}","templated":true}]}}