{"id":209301,"date":"2017-11-22T17:55:53","date_gmt":"2017-11-22T19:55:53","guid":{"rendered":"https:\/\/jundiai.sp.gov.br\/noticias\/?p=209301"},"modified":"2017-11-22T17:55:53","modified_gmt":"2017-11-22T19:55:53","slug":"jundiai-amplia-horario-de-atendimento-para-campanha-fique-sabendo","status":"publish","type":"post","link":"https:\/\/jundiai.sp.gov.br\/noticias\/2017\/11\/22\/jundiai-amplia-horario-de-atendimento-para-campanha-fique-sabendo\/","title":{"rendered":"Jundia\u00ed amplia hor\u00e1rio de atendimento para Campanha \u201cFique Sabendo\u201d"},"content":{"rendered":"<p><strong>O Centro de Testagem e Aconselhamento (CTA) de Jundia\u00ed ampliar\u00e1 o hor\u00e1rio de atendimento, na semana entre os dias 27 de novembro e 1\u00ba de dezembro, para ofertar testes r\u00e1pidos para detec\u00e7\u00e3o de HIV e S\u00edfilis. Os exames gratuitos fazem parte da campanha estadual \u201cFique Sabendo\u201d, que tem por objetivo o diagn\u00f3stico precoce para que as pessoas possam ter acesso o quanto antes ao tratamento.<\/strong><\/p>\n<p>Em Jundia\u00ed, desde o in\u00edcio da epidemia de HIV\/AIDS at\u00e9 2016 foram notificados no SINAN (Sistema Nacional de Agravos e Notifica\u00e7\u00e3o) e declarados no SIM (Sistema de Informa\u00e7\u00f5es sobre Mortalidade) 2.150 casos de AIDS. De 2010 a junho de 2016 foram notificados 400 casos de AIDS (304 homens e 96 mulheres), o que representa uma m\u00e9dia anual de 67 casos. Segundo Maria de Lurdes Munhoz, gerente do CTA, os n\u00fameros jundiaienses seguem a tend\u00eancia brasileira. Ainda 21% dos casos novos da doen\u00e7a s\u00e3o diagnosticados tardiamente , e por isso, h\u00e1 a necessidade de ampliar as estrat\u00e9gias para o acesso facilitado ao teste de HIV e s\u00edfilis. \u201cA mobiliza\u00e7\u00e3o de todos os segmentos da sociedade torna-se imprescind\u00edvel para atingirmos um maior n\u00famero de pessoas testadas. Quanto mais cedo se descobre a doen\u00e7a, mais f\u00e1cil \u00e9 o tratamento e melhor qualidade de vida\u201d, argumenta.<\/p>\n<p><strong>LEIA TAMB\u00c9M<\/strong><br \/>\n<a href=\"https:\/\/jundiai.sp.gov.br\/noticias\/2017\/11\/22\/prefeito-entrega-unidade-de-apoio-no-santa-gertrudes\/\">Prefeito entrega Unidade de Apoio no Santa Gertrudes<\/a><br \/>\n<a href=\"https:\/\/jundiai.sp.gov.br\/noticias\/2017\/11\/17\/prontuarios-eletronicos-da-saude-entram-em-vigor-ate-dezembro-de-2018\/\">Prontu\u00e1rios eletr\u00f4nicos da Sa\u00fade entram em vigor at\u00e9 2018<\/a><\/p>\n<p><div id=\"attachment_209303\" style=\"width: 1250px\" class=\"wp-caption aligncenter\"><a href=\"https:\/\/jundiai.sp.gov.br\/noticias\/wp-content\/uploads\/sites\/32\/2017\/11\/exame-de-hiv_aids_c14.jpg\"><img loading=\"lazy\" decoding=\"async\" aria-describedby=\"caption-attachment-209303\" src=\"https:\/\/jundiai.sp.gov.br\/noticias\/wp-content\/uploads\/sites\/32\/2017\/11\/exame-de-hiv_aids_c14.jpg\" alt=\"\" width=\"1240\" height=\"911\" class=\"size-full wp-image-209303\" srcset=\"https:\/\/jundiai.sp.gov.br\/noticias\/wp-content\/uploads\/sites\/32\/2017\/11\/exame-de-hiv_aids_c14.jpg 1240w, https:\/\/jundiai.sp.gov.br\/noticias\/wp-content\/uploads\/sites\/32\/2017\/11\/exame-de-hiv_aids_c14-300x220.jpg 300w, https:\/\/jundiai.sp.gov.br\/noticias\/wp-content\/uploads\/sites\/32\/2017\/11\/exame-de-hiv_aids_c14-768x564.jpg 768w, https:\/\/jundiai.sp.gov.br\/noticias\/wp-content\/uploads\/sites\/32\/2017\/11\/exame-de-hiv_aids_c14-1160x852.jpg 1160w\" sizes=\"auto, (max-width: 1240px) 100vw, 1240px\" \/><\/a><p id=\"caption-attachment-209303\" class=\"wp-caption-text\">Testagem contra HIV e s\u00edfilis est\u00e1 dispon\u00edvel gratuitamente no CTA e em todas as UBSs<br \/><\/p><\/div><br \/>\nOs exames est\u00e3o dispon\u00edveis durante o ano todo na rede b\u00e1sica de sa\u00fade e no CTA, por\u00e9m, nesta semana, por conta da proximidade com o Dia Mundial de Luta contra a aids (1\u00ba de dezembro) \u00e9 a realiza\u00e7\u00e3o da 14\u00aa edi\u00e7\u00e3o da Campanha \u201cFique Sabendo\u201d em Jundia\u00ed, promovida pela Unidade de Gest\u00e3o de Promo\u00e7\u00e3o da Sa\u00fade e Programa Municipal (UGPS) com as equipes do CTA, haver\u00e1 oferta de testagem r\u00e1pida para HIV e S\u00edfilis em hor\u00e1rio ampliado. Entre os dias 27 de novembro a 01 de dezembro (segunda a sexta-feira) o atendimento ser\u00e1 das 7h \u00e0s 18h, na rua Conde de Monsanto, 480, Vianelo, e tem por objetivo: testar pessoas sexualmente ativas, principalmente as que nunca realizaram o teste Anti-HIV e S\u00edfilis na vida; acessar e sensibilizar as pessoas mais vulner\u00e1veis; acompanhar todos os casos positivos at\u00e9 que cheguem \u00e0 Unidade de Refer\u00eancia para tratamento.<\/p>\n<p><strong>Em dados<\/strong><br \/>\nDe 1980 a junho de 2016, foram notificados no Brasil 842.710 casos de AIDS. O pa\u00eds tem registrado, anualmente, uma m\u00e9dia de 41,1 mil casos de AIDS nos \u00faltimos cinco anos.<\/p>\n<p>O n\u00famero de casos de gestantes infectadas pelo HIV por ano do parto de 2010 a 2016 foi de 61. De 2010 a junho de 2015 foram notificados 5 casos de AIDS em menores de 5 anos e 49 casos na faixa et\u00e1ria entre 15 e 24 anos. Sendo que a maior concentra\u00e7\u00e3o dos casos est\u00e1 em homens que fazem sexo com homens entre 20 e 39 anos. Foram registrados 108 \u00f3bitos no per\u00edodo de 2010 a 2015.<\/p>\n<p>J\u00e1 com a s\u00edfilis, falhas no atendimento durante o pr\u00e9-natal, no diagn\u00f3stico e, mais recentemente, no abastecimento da penicilina, est\u00e3o entre os fatores que explicam o aumento do n\u00famero de casos notificados da s\u00edfilis em todo o Pa\u00eds. A melhoria da vigil\u00e2ncia epidemiol\u00f3gica nos \u00faltimos anos, com incremento de testagem e notifica\u00e7\u00e3o da s\u00edfilis cong\u00eanita e em gestantes, tamb\u00e9m pode estar contribuindo para esse crescimento.<\/p>\n<p>No Brasil, de 2015 a junho de 2016, foram notificadas 48.628 gestantes com s\u00edfilis. Neste mesmo per\u00edodo foram notificados 28.436 casos de s\u00edfilis cong\u00eanita em menores de um ano de idade. Em Jundia\u00ed, houve o registro de 60 gestantes com S\u00edfilis no per\u00edodo de 2015 a junho de 2016 e 23 casos da doen\u00e7a cong\u00eanita em menores de um ano de idade.<br \/>\n<strong><em><br \/>\nAssessoria de Imprensa<br \/>\nFoto: Fot\u00f3grafos PMJ<\/strong><\/em><\/p>\n","protected":false},"excerpt":{"rendered":"<p>Entre os dias 27 de novembro e 1\u00ba de dezembro, testes r\u00e1pidos para detec\u00e7\u00e3o de HIV e S\u00edfilis poder\u00e3o ser feitos em hor\u00e1rio especial<\/p>\n","protected":false},"author":30,"featured_media":209306,"comment_status":"closed","ping_status":"closed","sticky":false,"template":"","format":"standard","meta":{"footnotes":""},"categories":[2],"tags":[828,444,981],"ods":[],"class_list":["post-209301","post","type-post","status-publish","format-standard","has-post-thumbnail","hentry","category-noticias","tag-centro-de-testagem-e-aconselhamento-cta","tag-fique-sabendo","tag-promocao-da-saude"],"_links":{"self":[{"href":"https:\/\/jundiai.sp.gov.br\/noticias\/wp-json\/wp\/v2\/posts\/209301","targetHints":{"allow":["GET"]}}],"collection":[{"href":"https:\/\/jundiai.sp.gov.br\/noticias\/wp-json\/wp\/v2\/posts"}],"about":[{"href":"https:\/\/jundiai.sp.gov.br\/noticias\/wp-json\/wp\/v2\/types\/post"}],"author":[{"embeddable":true,"href":"https:\/\/jundiai.sp.gov.br\/noticias\/wp-json\/wp\/v2\/users\/30"}],"replies":[{"embeddable":true,"href":"https:\/\/jundiai.sp.gov.br\/noticias\/wp-json\/wp\/v2\/comments?post=209301"}],"version-history":[{"count":4,"href":"https:\/\/jundiai.sp.gov.br\/noticias\/wp-json\/wp\/v2\/posts\/209301\/revisions"}],"predecessor-version":[{"id":209307,"href":"https:\/\/jundiai.sp.gov.br\/noticias\/wp-json\/wp\/v2\/posts\/209301\/revisions\/209307"}],"wp:featuredmedia":[{"embeddable":true,"href":"https:\/\/jundiai.sp.gov.br\/noticias\/wp-json\/wp\/v2\/media\/209306"}],"wp:attachment":[{"href":"https:\/\/jundiai.sp.gov.br\/noticias\/wp-json\/wp\/v2\/media?parent=209301"}],"wp:term":[{"taxonomy":"category","embeddable":true,"href":"https:\/\/jundiai.sp.gov.br\/noticias\/wp-json\/wp\/v2\/categories?post=209301"},{"taxonomy":"post_tag","embeddable":true,"href":"https:\/\/jundiai.sp.gov.br\/noticias\/wp-json\/wp\/v2\/tags?post=209301"},{"taxonomy":"ods","embeddable":true,"href":"https:\/\/jundiai.sp.gov.br\/noticias\/wp-json\/wp\/v2\/ods?post=209301"}],"curies":[{"name":"wp","href":"https:\/\/api.w.org\/{rel}","templated":true}]}}