{"id":209384,"date":"2017-11-23T18:06:44","date_gmt":"2017-11-23T20:06:44","guid":{"rendered":"https:\/\/jundiai.sp.gov.br\/noticias\/?p=209384"},"modified":"2017-11-23T18:06:44","modified_gmt":"2017-11-23T20:06:44","slug":"sexta-no-centro-celebra-consciencia-negra-com-atracoes","status":"publish","type":"post","link":"https:\/\/jundiai.sp.gov.br\/noticias\/2017\/11\/23\/sexta-no-centro-celebra-consciencia-negra-com-atracoes\/","title":{"rendered":"\u2018Sexta no Centro\u2019 celebra Consci\u00eancia Negra com atra\u00e7\u00f5es"},"content":{"rendered":"<div id=\"attachment_209387\" style=\"width: 410px\" class=\"wp-caption alignright\"><a href=\"https:\/\/jundiai.sp.gov.br\/noticias\/wp-content\/uploads\/sites\/32\/2017\/11\/sexta_no_centro-1-1.jpg\"><img loading=\"lazy\" decoding=\"async\" aria-describedby=\"caption-attachment-209387\" class=\"size-full wp-image-209387\" src=\"https:\/\/jundiai.sp.gov.br\/noticias\/wp-content\/uploads\/sites\/32\/2017\/11\/sexta_no_centro-1-1.jpg\" alt=\"\" width=\"400\" height=\"350\" \/><\/a><p id=\"caption-attachment-209387\" class=\"wp-caption-text\">Edi\u00e7\u00e3o contar\u00e1 tamb\u00e9m com barracas de acaraj\u00e9, de turbantes e roupas afros, al\u00e9m de um desfile e execu\u00e7\u00e3o de tran\u00e7as<\/p><\/div>\n<p><strong>A Pra\u00e7a Marechal Floriano Peixoto, conhecida por Pra\u00e7a do Coreto, recebe nesta sexta-feira (24), a partir das 18h, a edi\u00e7\u00e3o tem\u00e1tica da Consci\u00eancia Negra do programa \u2018Sexta no Centro\u2019. Al\u00e9m das atra\u00e7\u00f5es art\u00edsticas, que sempre marcam presen\u00e7a no evento, esta edi\u00e7\u00e3o contar\u00e1 tamb\u00e9m com barracas de acaraj\u00e9, de turbantes e roupas afros, al\u00e9m de um desfile de tran\u00e7as, com execu\u00e7\u00e3o gratuita naqueles que quiserem transformar seus penteados.<\/strong><\/p>\n<p>A banda Mika Soul \u00e9 a primeira que sobe ao palco, a partir das 18h, com repert\u00f3rio de m\u00fasicas afro-brasileiras, afroamericanas, e samba com vertentes de gafieira, breque e samba rock. O show ser\u00e1 seguido pela companhia musical Sr. Pre, que se apresenta com coreografias e dan\u00e7as, com intera\u00e7\u00e3o do p\u00fablico na pra\u00e7a.<\/p>\n<p><strong>LEIA TAMB\u00c9M<\/strong><br \/>\n<a href=\"https:\/\/jundiai.sp.gov.br\/noticias\/2017\/11\/23\/conselho-de-politica-cultural-realiza-assembleia-neste-sabado-25\/\">Conselho de Pol\u00edtica Cultural realiza assembleia neste s\u00e1bado (25)<\/a><\/p>\n<p>J\u00e1 a partir das 20h, \u00e9 a vez da banda Panela Preta, que cultiva a raiz do samba e traz grandes nomes do cancioneiro popular, como os compositores Candeia, Luiz Carlos da Vila e Geraldo Filme.<\/p>\n<p><strong>Gastronomia e Artesanato<\/strong><br \/>\nAl\u00e9m de acaraj\u00e9, outras op\u00e7\u00f5es gastron\u00f4micas ser\u00e3o oferecidas por 13 permission\u00e1rios das feiras e varej\u00f5es da cidade, com lanches diversos, espetinhos, salgadinhos, p\u00e3es, pasteis, comida \u00e1rabe, derivados de milho, tapioca e frango frito, caldo de cana, al\u00e9m de sobremesas diversas, como doces, bolos, churros e salada de fruta. O artesanato fica por conta dos artistas do programa Jundia\u00ed feito \u00e0 m\u00e3o, que montar\u00e3o outras dez barracas.<\/p>\n<p>Realizado pelas Unidades de Gest\u00e3o de Cultura e de Agroneg\u00f3cio, Abastecimento e Turismo, a partir deste ano, o programa \u2018Sexta no Centro\u2019 passou a ser feito na Pra\u00e7a do Coreto, a fim de espalhar a oferta cultural pelo Centro Hist\u00f3rico da cidade e aproveitar a infraestrutura de palco oferecida pelo coreto nos fundos da catedral.<\/p>\n<p>A programa\u00e7\u00e3o dos eventos e toda a agenda cultural da cidade podem ser consultadas no Aplicativo Jundia\u00ed, que \u00e9 uma ferramenta para facilitar o acesso dos cidad\u00e3os aos servi\u00e7os da Prefeitura e pode ser baixado em qualquer smartphone\u00a0<strong><a href=\"https:\/\/play.google.com\/store\/apps\/details?id=br.gov.sp.cijun.appjun\" target=\"_blank\" rel=\"noopener noreferrer\">Android<\/a><\/strong>\u00a0ou\u00a0<strong><a href=\"https:\/\/itunes.apple.com\/br\/app\/prefeitura-de-jundiai\/id1211377720\" target=\"_blank\" rel=\"noopener noreferrer\">iPhone<\/a><\/strong>.<\/p>\n<p><strong><em>Assessoria de Imprensa<br \/>\nFoto: Arquivo PMJ<\/em><\/strong><\/p>\n","protected":false},"excerpt":{"rendered":"<p>Al\u00e9m das atra\u00e7\u00f5es art\u00edsticas, esta edi\u00e7\u00e3o contar\u00e1 tamb\u00e9m com barracas de acaraj\u00e9, de turbantes e roupas afros, al\u00e9m de um desfile de tran\u00e7as<\/p>\n","protected":false},"author":30,"featured_media":209389,"comment_status":"closed","ping_status":"closed","sticky":false,"template":"","format":"standard","meta":{"footnotes":""},"categories":[2],"tags":[974,29,293,294],"ods":[],"class_list":["post-209384","post","type-post","status-publish","format-standard","has-post-thumbnail","hentry","category-noticias","tag-agronegocio-abastecimento-e-turismo","tag-cultura","tag-jundiai-feito-a-mao","tag-sexta-no-centro"],"_links":{"self":[{"href":"https:\/\/jundiai.sp.gov.br\/noticias\/wp-json\/wp\/v2\/posts\/209384","targetHints":{"allow":["GET"]}}],"collection":[{"href":"https:\/\/jundiai.sp.gov.br\/noticias\/wp-json\/wp\/v2\/posts"}],"about":[{"href":"https:\/\/jundiai.sp.gov.br\/noticias\/wp-json\/wp\/v2\/types\/post"}],"author":[{"embeddable":true,"href":"https:\/\/jundiai.sp.gov.br\/noticias\/wp-json\/wp\/v2\/users\/30"}],"replies":[{"embeddable":true,"href":"https:\/\/jundiai.sp.gov.br\/noticias\/wp-json\/wp\/v2\/comments?post=209384"}],"version-history":[{"count":6,"href":"https:\/\/jundiai.sp.gov.br\/noticias\/wp-json\/wp\/v2\/posts\/209384\/revisions"}],"predecessor-version":[{"id":209393,"href":"https:\/\/jundiai.sp.gov.br\/noticias\/wp-json\/wp\/v2\/posts\/209384\/revisions\/209393"}],"wp:featuredmedia":[{"embeddable":true,"href":"https:\/\/jundiai.sp.gov.br\/noticias\/wp-json\/wp\/v2\/media\/209389"}],"wp:attachment":[{"href":"https:\/\/jundiai.sp.gov.br\/noticias\/wp-json\/wp\/v2\/media?parent=209384"}],"wp:term":[{"taxonomy":"category","embeddable":true,"href":"https:\/\/jundiai.sp.gov.br\/noticias\/wp-json\/wp\/v2\/categories?post=209384"},{"taxonomy":"post_tag","embeddable":true,"href":"https:\/\/jundiai.sp.gov.br\/noticias\/wp-json\/wp\/v2\/tags?post=209384"},{"taxonomy":"ods","embeddable":true,"href":"https:\/\/jundiai.sp.gov.br\/noticias\/wp-json\/wp\/v2\/ods?post=209384"}],"curies":[{"name":"wp","href":"https:\/\/api.w.org\/{rel}","templated":true}]}}