{"id":209757,"date":"2017-11-30T17:56:28","date_gmt":"2017-11-30T19:56:28","guid":{"rendered":"https:\/\/jundiai.sp.gov.br\/noticias\/?p=209757"},"modified":"2017-11-30T17:57:56","modified_gmt":"2017-11-30T19:57:56","slug":"festival-do-volei-adaptado-encerra-ano-com-competicao","status":"publish","type":"post","link":"https:\/\/jundiai.sp.gov.br\/noticias\/2017\/11\/30\/festival-do-volei-adaptado-encerra-ano-com-competicao\/","title":{"rendered":"Festival do v\u00f4lei adaptado encerra ano com competi\u00e7\u00e3o"},"content":{"rendered":"<p><div id=\"attachment_209759\" style=\"width: 410px\" class=\"wp-caption alignright\"><a href=\"https:\/\/jundiai.sp.gov.br\/noticias\/wp-content\/uploads\/sites\/32\/2017\/11\/volei-adaptado_c_40.jpg\"><img loading=\"lazy\" decoding=\"async\" aria-describedby=\"caption-attachment-209759\" src=\"https:\/\/jundiai.sp.gov.br\/noticias\/wp-content\/uploads\/sites\/32\/2017\/11\/volei-adaptado_c_40-300x214.jpg\" alt=\"\" width=\"400\" height=\"350\" class=\"size-medium wp-image-209759\" \/><\/a><p id=\"caption-attachment-209759\" class=\"wp-caption-text\">Dirce Borim treina h\u00e1 19 anos e credita a sa\u00fade \u00e0 pr\u00e1tica esportiva<br \/><\/p><\/div><strong>Dispon\u00edvel nos\u00a0Complexos Esportivos, o v\u00f4lei adaptado realizou o festival da modalidade, nesta quinta-feira (30), nas quadras do Rom\u00e3o de Souza, na Col\u00f4nia. O evento, al\u00e9m de ser momento de confraterniza\u00e7\u00e3o, \u00e9 encarado pelos participantes como uma competi\u00e7\u00e3o.\u00a0A modalidade, que tem as regras modificadas para acessibilidade \u00e0s pessoas com mobilidade reduzida.<\/strong><\/p>\n<p>Em todos os\u00a0Complexos existem turmas de v\u00f4lei adaptado, sendo que a Unidade de Gest\u00e3o de Esporte e Lazer (UGEL) conta com quatro equipes permanentes representantes da cidade nos Jogos Regionais dos Idosos (JORI). De acordo com o superintendente do Departamento de Esporte Educacional e de Participa\u00e7\u00e3o, Felipe Bonan\u00e7a, a modalidade coletiva, incentiva, n\u00e3o somente a atividade f\u00edsica, quanto os aspectos psicol\u00f3gicos. \u201cA modalidade \u00e9 coletiva e exige intera\u00e7\u00e3o. Isso proporciona sa\u00fade, n\u00e3o somente nos aspectos fisiol\u00f3gicos quanto psicol\u00f3gicos. O confronto \u00e9 saud\u00e1vel e faz parte do desenvolvimento humano\u201d, comenta.<\/p>\n<p><strong>LEIA TAMB\u00c9M<\/strong><br \/>\n<a href=\"https:\/\/jundiai.sp.gov.br\/noticias\/2017\/11\/28\/complexos-vao-promover-festivais-esportivos\/\">Complexos promovem festivais esportivos<\/a><\/p>\n<p>\u201cQuando me convidaram a participar do grupo de v\u00f4lei adaptado fiquei com receio de assimilar as regras. Mas quando comecei a jogar, n\u00e3o quis mais parar. Se eu fico alguns dias sem jogar, j\u00e1 come\u00e7a a doer aqui, ali. Al\u00e9m de ser bom para a sa\u00fade \u00e9 competi\u00e7\u00e3o. E estamos aqui para ganhar\u201d, conta Dirce Borim, 69 anos, aluna da modalidade no Francisco Dal Santo.<\/p>\n<p>A UGEL realiza festivais multiesportes para todas as modalidades ofertadas nos\u00a0Complexos Esportivos ao longo dos pr\u00f3ximos dias.\u00a0Os eventos s\u00e3o direcionados \u00e0 confraterniza\u00e7\u00e3o dos atletas, al\u00e9m da divulga\u00e7\u00e3o dos trabalhos oferecidos gratuitamente para a popula\u00e7\u00e3o. Confira a programa\u00e7\u00e3o <a href=\"https:\/\/jundiai.sp.gov.br\/esporte-e-lazer\/wp-content\/uploads\/sites\/11\/2017\/11\/programacao-festivais-segundo-semestre-deep1.pdf\" rel=\"noopener\" target=\"_blank\">no link<\/a>.<\/p>\n<p><em><strong>Assessoria de Imprensa<\/strong><\/em><br \/>\n<em><strong>Foto: Fot\u00f3grafos PMJ<\/strong><\/em><\/p>\n<p>&nbsp;<\/p>\n","protected":false},"excerpt":{"rendered":"<p>Dispon\u00edvel nos\u00a0Complexos Esportivos, o v\u00f4lei adaptado realizou o festival da modalidade, nesta quinta-feira (30), nas quadras do Rom\u00e3o de Souza, na Col\u00f4nia. O evento, al\u00e9m de ser momento de confraterniza\u00e7\u00e3o, \u00e9 encarado pelos participantes como uma competi\u00e7\u00e3o.\u00a0A modalidade, que tem as regras modificadas para acessibilidade \u00e0s pessoas com mobilidade reduzida. Em todos os\u00a0Complexos existem turmas [&hellip;]<\/p>\n","protected":false},"author":30,"featured_media":0,"comment_status":"closed","ping_status":"closed","sticky":false,"template":"","format":"standard","meta":{"footnotes":""},"categories":[2],"tags":[411,1047],"ods":[],"class_list":["post-209757","post","type-post","status-publish","format-standard","hentry","category-noticias","tag-centro-esportivo","tag-jogos-regionais-dos-idosos-jori"],"_links":{"self":[{"href":"https:\/\/jundiai.sp.gov.br\/noticias\/wp-json\/wp\/v2\/posts\/209757","targetHints":{"allow":["GET"]}}],"collection":[{"href":"https:\/\/jundiai.sp.gov.br\/noticias\/wp-json\/wp\/v2\/posts"}],"about":[{"href":"https:\/\/jundiai.sp.gov.br\/noticias\/wp-json\/wp\/v2\/types\/post"}],"author":[{"embeddable":true,"href":"https:\/\/jundiai.sp.gov.br\/noticias\/wp-json\/wp\/v2\/users\/30"}],"replies":[{"embeddable":true,"href":"https:\/\/jundiai.sp.gov.br\/noticias\/wp-json\/wp\/v2\/comments?post=209757"}],"version-history":[{"count":5,"href":"https:\/\/jundiai.sp.gov.br\/noticias\/wp-json\/wp\/v2\/posts\/209757\/revisions"}],"predecessor-version":[{"id":209763,"href":"https:\/\/jundiai.sp.gov.br\/noticias\/wp-json\/wp\/v2\/posts\/209757\/revisions\/209763"}],"wp:attachment":[{"href":"https:\/\/jundiai.sp.gov.br\/noticias\/wp-json\/wp\/v2\/media?parent=209757"}],"wp:term":[{"taxonomy":"category","embeddable":true,"href":"https:\/\/jundiai.sp.gov.br\/noticias\/wp-json\/wp\/v2\/categories?post=209757"},{"taxonomy":"post_tag","embeddable":true,"href":"https:\/\/jundiai.sp.gov.br\/noticias\/wp-json\/wp\/v2\/tags?post=209757"},{"taxonomy":"ods","embeddable":true,"href":"https:\/\/jundiai.sp.gov.br\/noticias\/wp-json\/wp\/v2\/ods?post=209757"}],"curies":[{"name":"wp","href":"https:\/\/api.w.org\/{rel}","templated":true}]}}