{"id":209956,"date":"2017-12-05T12:56:40","date_gmt":"2017-12-05T14:56:40","guid":{"rendered":"https:\/\/jundiai.sp.gov.br\/noticias\/?p=209956"},"modified":"2017-12-05T12:58:02","modified_gmt":"2017-12-05T14:58:02","slug":"centro-de-tecnologia-abre-inscricao-para-curso-de-informatica-basica","status":"publish","type":"post","link":"https:\/\/jundiai.sp.gov.br\/noticias\/2017\/12\/05\/centro-de-tecnologia-abre-inscricao-para-curso-de-informatica-basica\/","title":{"rendered":"Centro de Tecnologia abre inscri\u00e7\u00e3o para curso de inform\u00e1tica b\u00e1sica"},"content":{"rendered":"<p><strong>O Centro de L\u00ednguas e Tecnologia da Informa\u00e7\u00e3o Professor Ant\u00f4nio Houaiss abre, na pr\u00f3xima segunda-feira (11), inscri\u00e7\u00f5es para o curso de inform\u00e1tica b\u00e1sica. Os interessados t\u00eam at\u00e9 o dia 22 de dezembro para procurar a escola, localizada no Complexo Argos (avenida Doutor Cavalcanti, 396, Vila Arens). O atendimento \u00e9 das 8h \u00e0s 17h.<\/strong><\/p>\n<p>Ser\u00e3o ofertadas 135 vagas, distribu\u00eddas nos per\u00edodos da manh\u00e3, tarde e noite. Do total, 40% s\u00e3o destinadas aos alunos matriculados na Educa\u00e7\u00e3o de Jovens e Adultos (EJA) e que estejam frequentando o 8\u00ba ou 9\u00ba anos do Ensino Fundamental 2. Para concorrer as demais vagas \u2013 60% -, a idade m\u00ednima \u00e9 11 anos completos e o candidato deve estar matriculado a partir 6\u00ba ano do Ensino Fundamental e residir em Jundia\u00ed.<\/p>\n<p><strong>LEIA TAMB\u00c9M<\/strong><br \/>\n<a href=\"https:\/\/jundiai.sp.gov.br\/noticias\/2017\/11\/30\/educacao-de-jovens-e-adultos-recebe-inscricoes-para-2018\/\">Educa\u00e7\u00e3o de Jovens e Adultos recebe inscri\u00e7\u00f5es para 2018<\/a><\/p>\n<p>Se houver n\u00famero de inscritos for maior do que o de vagas, haver\u00e1 sorteio eletr\u00f4nico e aberto ao p\u00fablico, no dia 8 de janeiro, \u00e0s 9h, nas depend\u00eancias da escola.<\/p>\n<p><strong>Matr\u00edculas<\/strong><br \/>\nO per\u00edodo de matr\u00edculas para os candidatos sorteados ser\u00e1 entre os dias 9 e 19 de janeiro, de segunda a sexta-feira, das 8h \u00e0s 17h. No ato da matr\u00edcula, \u00e9 necess\u00e1rio apresentar RG, CPF, comprovante de resid\u00eancia, al\u00e9m da declara\u00e7\u00e3o de escolaridade.<\/p>\n<p>O curso b\u00e1sico de inform\u00e1tica tem dura\u00e7\u00e3o de um ano e meio. As aulas ocorrem duas vezes por semana e tem 1h40 de dura\u00e7\u00e3o.<\/p>\n<p>O Centro de L\u00ednguas e Tecnologia da Informa\u00e7\u00e3o \u00e9 um \u00f3rg\u00e3o da Unidade de Gest\u00e3o de Educa\u00e7\u00e3o (UGE).<\/p>\n<p><em><strong>Assessoria de Imprensa<br \/>\nFoto: Fot\u00f3grafos PMJ<\/strong><\/em><\/p>\n<p>&nbsp;<\/p>\n","protected":false},"excerpt":{"rendered":"<p>Os interessados t\u00eam at\u00e9 o dia 22 de dezembro para procurar a escola, localizada no Complexo Argos. O atendimento \u00e9 das 8h \u00e0s 17h<\/p>\n","protected":false},"author":30,"featured_media":181212,"comment_status":"closed","ping_status":"closed","sticky":false,"template":"","format":"standard","meta":{"footnotes":""},"categories":[2],"tags":[336,419,6],"ods":[],"class_list":["post-209956","post","type-post","status-publish","format-standard","has-post-thumbnail","hentry","category-noticias","tag-centro-de-linguas-e-tecnologia-da-informacao","tag-complexo-argos","tag-educacao"],"_links":{"self":[{"href":"https:\/\/jundiai.sp.gov.br\/noticias\/wp-json\/wp\/v2\/posts\/209956","targetHints":{"allow":["GET"]}}],"collection":[{"href":"https:\/\/jundiai.sp.gov.br\/noticias\/wp-json\/wp\/v2\/posts"}],"about":[{"href":"https:\/\/jundiai.sp.gov.br\/noticias\/wp-json\/wp\/v2\/types\/post"}],"author":[{"embeddable":true,"href":"https:\/\/jundiai.sp.gov.br\/noticias\/wp-json\/wp\/v2\/users\/30"}],"replies":[{"embeddable":true,"href":"https:\/\/jundiai.sp.gov.br\/noticias\/wp-json\/wp\/v2\/comments?post=209956"}],"version-history":[{"count":4,"href":"https:\/\/jundiai.sp.gov.br\/noticias\/wp-json\/wp\/v2\/posts\/209956\/revisions"}],"predecessor-version":[{"id":209960,"href":"https:\/\/jundiai.sp.gov.br\/noticias\/wp-json\/wp\/v2\/posts\/209956\/revisions\/209960"}],"wp:featuredmedia":[{"embeddable":true,"href":"https:\/\/jundiai.sp.gov.br\/noticias\/wp-json\/wp\/v2\/media\/181212"}],"wp:attachment":[{"href":"https:\/\/jundiai.sp.gov.br\/noticias\/wp-json\/wp\/v2\/media?parent=209956"}],"wp:term":[{"taxonomy":"category","embeddable":true,"href":"https:\/\/jundiai.sp.gov.br\/noticias\/wp-json\/wp\/v2\/categories?post=209956"},{"taxonomy":"post_tag","embeddable":true,"href":"https:\/\/jundiai.sp.gov.br\/noticias\/wp-json\/wp\/v2\/tags?post=209956"},{"taxonomy":"ods","embeddable":true,"href":"https:\/\/jundiai.sp.gov.br\/noticias\/wp-json\/wp\/v2\/ods?post=209956"}],"curies":[{"name":"wp","href":"https:\/\/api.w.org\/{rel}","templated":true}]}}