{"id":210032,"date":"2017-12-06T16:19:35","date_gmt":"2017-12-06T18:19:35","guid":{"rendered":"https:\/\/jundiai.sp.gov.br\/noticias\/?p=210032"},"modified":"2017-12-06T16:19:35","modified_gmt":"2017-12-06T18:19:35","slug":"conselho-gestor-do-hu-esta-com-inscricoes-abertas","status":"publish","type":"post","link":"https:\/\/jundiai.sp.gov.br\/noticias\/2017\/12\/06\/conselho-gestor-do-hu-esta-com-inscricoes-abertas\/","title":{"rendered":"Conselho Gestor do HU est\u00e1 com inscri\u00e7\u00f5es abertas"},"content":{"rendered":"<p><strong>O Conselho Gestor do Hospital Universit\u00e1rio da Faculdade de Medicina de Jundia\u00ed (CGHU\/FMJ) abriu inscri\u00e7\u00f5es para interessados em se candidatar para a Gest\u00e3o 2018-2020. As inscri\u00e7\u00f5es podem ser feitas at\u00e9 o dia 24 de janeiro de 2018, de segunda a sexta-feira, das 9 h\u00e0s 14h30, no Hospital Universit\u00e1rio.<\/strong><\/p>\n<p>Conforme Regimento Interno, est\u00e3o abertas as inscri\u00e7\u00f5es para representantes das seguintes categorias: usu\u00e1rios das Unidades de Aten\u00e7\u00e3o \u00e0 Sa\u00fade de Jundia\u00ed (seis vagas, sendo tr\u00eas titulares e tr\u00eas suplentes); usu\u00e1rios simples do SUS (seis vagas, sendo tr\u00eas titulares e tr\u00eas suplentes); usu\u00e1rios dos Conselhos Municipais da Microrregi\u00e3o (duas vagas, sendo um titular e um suplente).<\/p>\n<p><strong>LEIA TAMB\u00c9M<\/strong><br \/>\n<a href=\"https:\/\/jundiai.sp.gov.br\/noticias\/2017\/11\/28\/parceria-viabiliza-construcao-de-predio-para-banco-de-leite\/\">Parceria viabiliza constru\u00e7\u00e3o de pr\u00e9dio para Banco de Leite<\/a><\/p>\n<p>Durante o mandato de dois anos, o conselheiro participa de reuni\u00f5es mensais, nas quais tem a oportunidade de defender os interesses de seus representados, por meio da participa\u00e7\u00e3o na formula\u00e7\u00e3o das prioridades, metas e estrat\u00e9gias de a\u00e7\u00f5es, bem como no acompanhamento e avalia\u00e7\u00e3o das atividades do hospital e dos servi\u00e7os prestados por ele.<\/p>\n<p>Tamb\u00e9m ser\u00e3o definidos representantes do COMUS, trabalhadores do HU, m\u00e9dicos residentes, associa\u00e7\u00e3o de trabalhadores, Faculdade de Medicina de Jundia\u00ed, Secretaria Municipal de Sa\u00fade e Diret\u00f3rio Acad\u00eamico Prof. Alphonso Bovero (DAPAB) da FMJ. Os representantes destas categorias devem ser indicados pelas respectivas institui\u00e7\u00f5es.<\/p>\n<p>O edital completo foi publicado na Imprensa Oficial do Munic\u00edpio de Jundia\u00ed em 15 de novembro, Ed. 4324. A documenta\u00e7\u00e3o necess\u00e1ria para inscri\u00e7\u00e3o em cada segmento pode ser consultada em\u00a0<a href=\"https:\/\/imprensaoficial.jundiai.sp.gov.br\/edicao-4324\/\">https:\/\/imprensaoficial.jundiai.sp.gov.br\/edicao-4324\/.<\/a><br \/>\nOutras informa\u00e7\u00f5es pelo telefone 4527-5734 ou pelo e-mail\u00a0<a href=\"mailto:imprensa@hufmj.com.br\">imprensa@hufmj.com.br<\/a>.<\/p>\n<p><em><strong>Assessoria de Imprensa HU<\/strong><\/em><\/p>\n","protected":false},"excerpt":{"rendered":"<p>O Conselho Gestor do Hospital Universit\u00e1rio da Faculdade de Medicina de Jundia\u00ed (CGHU\/FMJ) abriu inscri\u00e7\u00f5es para interessados em se candidatar para a Gest\u00e3o 2018-2020. As inscri\u00e7\u00f5es podem ser feitas at\u00e9 o dia 24 de janeiro de 2018, de segunda a sexta-feira, das 9 h\u00e0s 14h30, no Hospital Universit\u00e1rio. Conforme Regimento Interno, est\u00e3o abertas as inscri\u00e7\u00f5es [&hellip;]<\/p>\n","protected":false},"author":30,"featured_media":0,"comment_status":"closed","ping_status":"closed","sticky":false,"template":"","format":"standard","meta":{"footnotes":""},"categories":[2],"tags":[378,52],"ods":[],"class_list":["post-210032","post","type-post","status-publish","format-standard","hentry","category-noticias","tag-faculdade-de-medicina-de-jundiai-fmj","tag-hospital-universitario-hu"],"_links":{"self":[{"href":"https:\/\/jundiai.sp.gov.br\/noticias\/wp-json\/wp\/v2\/posts\/210032","targetHints":{"allow":["GET"]}}],"collection":[{"href":"https:\/\/jundiai.sp.gov.br\/noticias\/wp-json\/wp\/v2\/posts"}],"about":[{"href":"https:\/\/jundiai.sp.gov.br\/noticias\/wp-json\/wp\/v2\/types\/post"}],"author":[{"embeddable":true,"href":"https:\/\/jundiai.sp.gov.br\/noticias\/wp-json\/wp\/v2\/users\/30"}],"replies":[{"embeddable":true,"href":"https:\/\/jundiai.sp.gov.br\/noticias\/wp-json\/wp\/v2\/comments?post=210032"}],"version-history":[{"count":3,"href":"https:\/\/jundiai.sp.gov.br\/noticias\/wp-json\/wp\/v2\/posts\/210032\/revisions"}],"predecessor-version":[{"id":210035,"href":"https:\/\/jundiai.sp.gov.br\/noticias\/wp-json\/wp\/v2\/posts\/210032\/revisions\/210035"}],"wp:attachment":[{"href":"https:\/\/jundiai.sp.gov.br\/noticias\/wp-json\/wp\/v2\/media?parent=210032"}],"wp:term":[{"taxonomy":"category","embeddable":true,"href":"https:\/\/jundiai.sp.gov.br\/noticias\/wp-json\/wp\/v2\/categories?post=210032"},{"taxonomy":"post_tag","embeddable":true,"href":"https:\/\/jundiai.sp.gov.br\/noticias\/wp-json\/wp\/v2\/tags?post=210032"},{"taxonomy":"ods","embeddable":true,"href":"https:\/\/jundiai.sp.gov.br\/noticias\/wp-json\/wp\/v2\/ods?post=210032"}],"curies":[{"name":"wp","href":"https:\/\/api.w.org\/{rel}","templated":true}]}}