{"id":210320,"date":"2017-12-12T12:34:46","date_gmt":"2017-12-12T14:34:46","guid":{"rendered":"https:\/\/jundiai.sp.gov.br\/noticias\/?p=210320"},"modified":"2017-12-12T15:36:23","modified_gmt":"2017-12-12T17:36:23","slug":"revisao-do-plano-diretor-tera-proxima-reuniao-em-janeiro","status":"publish","type":"post","link":"https:\/\/jundiai.sp.gov.br\/noticias\/2017\/12\/12\/revisao-do-plano-diretor-tera-proxima-reuniao-em-janeiro\/","title":{"rendered":"Revis\u00e3o do Plano Diretor ter\u00e1 pr\u00f3xima reuni\u00e3o em janeiro"},"content":{"rendered":"<p><strong>Ainda sem data final definida, a pr\u00f3xima reuni\u00e3o para discuss\u00e3o da revis\u00e3o do Plano Diretor ser\u00e1 realizada em uma segunda-feira, em janeiro. A periodicidade foi apresentada para os participantes de encontro realizado no Pa\u00e7o Municipal, na segunda-feira (11), em reuni\u00e3o organizada pela Unidade de Gest\u00e3o de Planejamento e Meio Ambiente (UGPUMA). A iniciativa, aberta a setores envolvidos, contou com a participa\u00e7\u00e3o do Conselho Municipal de Pol\u00edtica Territorial (CMPT).<\/strong><\/p>\n<p><strong>LEIA TAMB\u00c9M<\/strong><br \/>\n<a href=\"https:\/\/jundiai.sp.gov.br\/noticias\/2017\/12\/11\/observatorio-jundiai-aumenta-transparencia-da-administracao\/\">Observat\u00f3rio Jundia\u00ed aumenta transpar\u00eancia da Administra\u00e7\u00e3o<\/a><\/p>\n<p>\u201cEntendemos que o Plano Diretor cont\u00e9m equ\u00edvocos que est\u00e3o sendo vivenciados neste ano, primeiro de uso da legisla\u00e7\u00e3o. A inten\u00e7\u00e3o, com essa revis\u00e3o \u00e9 acertar pontos que n\u00e3o est\u00e3o claros ou com interpreta\u00e7\u00f5es pass\u00edveis de erros\u201d, comentou o gestor da UGPUMA, Sin\u00e9sio Scarabello. Ele esclarece que o processo ser\u00e1 aberto \u00e0 participa\u00e7\u00e3o da sociedade. \u201cA transpar\u00eancia \u00e9 fundamental para a constru\u00e7\u00e3o de um consenso m\u00ednimo\u201d, detalhou.<\/p>\n<p>A primeira reuni\u00e3o tamb\u00e9m serviu para que os interessados no tema tirassem d\u00favidas sobre como ser\u00e3o encaminhados os assuntos dos encontros. A reuni\u00e3o definiu que a pauta dos encontros ser\u00e1 divulgada antecipadamente, para facilitar o embasamento.<br \/>\n<em><br \/>\n<strong>Assessoria de Imprensa<br \/>\nFoto: Fot\u00f3grafos PMJ<\/strong><\/em><\/p>\n","protected":false},"excerpt":{"rendered":"<p>Em evento realizado nesta segunda-feira (11), foi apresentada a data e contou com a participa\u00e7\u00e3o do Conselho Municipal de Pol\u00edtica Territorial (CMPT)<\/p>\n","protected":false},"author":30,"featured_media":208487,"comment_status":"closed","ping_status":"closed","sticky":false,"template":"","format":"standard","meta":{"footnotes":""},"categories":[2],"tags":[138,984],"ods":[],"class_list":["post-210320","post","type-post","status-publish","format-standard","has-post-thumbnail","hentry","category-noticias","tag-paco-municipal","tag-planejamento-urbano-e-meio-ambiente"],"_links":{"self":[{"href":"https:\/\/jundiai.sp.gov.br\/noticias\/wp-json\/wp\/v2\/posts\/210320","targetHints":{"allow":["GET"]}}],"collection":[{"href":"https:\/\/jundiai.sp.gov.br\/noticias\/wp-json\/wp\/v2\/posts"}],"about":[{"href":"https:\/\/jundiai.sp.gov.br\/noticias\/wp-json\/wp\/v2\/types\/post"}],"author":[{"embeddable":true,"href":"https:\/\/jundiai.sp.gov.br\/noticias\/wp-json\/wp\/v2\/users\/30"}],"replies":[{"embeddable":true,"href":"https:\/\/jundiai.sp.gov.br\/noticias\/wp-json\/wp\/v2\/comments?post=210320"}],"version-history":[{"count":11,"href":"https:\/\/jundiai.sp.gov.br\/noticias\/wp-json\/wp\/v2\/posts\/210320\/revisions"}],"predecessor-version":[{"id":210351,"href":"https:\/\/jundiai.sp.gov.br\/noticias\/wp-json\/wp\/v2\/posts\/210320\/revisions\/210351"}],"wp:featuredmedia":[{"embeddable":true,"href":"https:\/\/jundiai.sp.gov.br\/noticias\/wp-json\/wp\/v2\/media\/208487"}],"wp:attachment":[{"href":"https:\/\/jundiai.sp.gov.br\/noticias\/wp-json\/wp\/v2\/media?parent=210320"}],"wp:term":[{"taxonomy":"category","embeddable":true,"href":"https:\/\/jundiai.sp.gov.br\/noticias\/wp-json\/wp\/v2\/categories?post=210320"},{"taxonomy":"post_tag","embeddable":true,"href":"https:\/\/jundiai.sp.gov.br\/noticias\/wp-json\/wp\/v2\/tags?post=210320"},{"taxonomy":"ods","embeddable":true,"href":"https:\/\/jundiai.sp.gov.br\/noticias\/wp-json\/wp\/v2\/ods?post=210320"}],"curies":[{"name":"wp","href":"https:\/\/api.w.org\/{rel}","templated":true}]}}