{"id":210362,"date":"2017-12-12T18:08:58","date_gmt":"2017-12-12T20:08:58","guid":{"rendered":"https:\/\/jundiai.sp.gov.br\/noticias\/?p=210362"},"modified":"2017-12-12T18:08:58","modified_gmt":"2017-12-12T20:08:58","slug":"seletiva-de-basquete-acontece-no-sabado-16-no-bolao","status":"publish","type":"post","link":"https:\/\/jundiai.sp.gov.br\/noticias\/2017\/12\/12\/seletiva-de-basquete-acontece-no-sabado-16-no-bolao\/","title":{"rendered":"Seletiva de Basquete acontece no s\u00e1bado (16), no Bol\u00e3o"},"content":{"rendered":"<div id=\"attachment_210365\" style=\"width: 410px\" class=\"wp-caption alignright\"><a href=\"https:\/\/jundiai.sp.gov.br\/noticias\/wp-content\/uploads\/sites\/32\/2017\/12\/feminino.jpg\"><img loading=\"lazy\" decoding=\"async\" aria-describedby=\"caption-attachment-210365\" class=\"size-full wp-image-210365\" src=\"https:\/\/jundiai.sp.gov.br\/noticias\/wp-content\/uploads\/sites\/32\/2017\/12\/feminino.jpg\" alt=\"\" width=\"400\" height=\"350\" \/><\/a><p id=\"caption-attachment-210365\" class=\"wp-caption-text\">Novos talentos para fortalecer a modalidade de Basquete do TIME Jundia\u00ed<\/p><\/div>\n<p><strong>Em busca de novos talentos para fortalecer a modalidade de Basquete do TIME Jundia\u00ed, a Unidade de Gest\u00e3o de Esporte e Lazer (UGEL) realiza, no pr\u00f3ximo s\u00e1bado (16), seletiva masculina para jovens nascidos entre 2000 e 2004. A peneira acontecer\u00e1 no Centro Educacional, Cultural e Esportivo (CECEs) Nicolino de Luca, o Bol\u00e3o, das 9h \u00e0s 13h.<\/strong><\/p>\n<p><strong>LEIA TAMB\u00c9M<br \/>\n<a href=\"https:\/\/jundiai.sp.gov.br\/noticias\/2017\/12\/11\/esporte-discute-marco-regulatorio\/\">Esporte discute Marco Regulat\u00f3rio<\/a><br \/>\n<\/strong><\/p>\n<p>A modalidade conta com aproximadamente 100 atletas entre as categorias Sub-12 a Adulto. &#8220;A inten\u00e7\u00e3o da seletiva \u00e9, al\u00e9m de divulgar a pr\u00e1tica esportiva, trazer os jovens para participar das equipes, para forma\u00e7\u00e3o da nossa base&#8221;, comenta o gestor da UGEL, Luiz Trientini. Ainda de acordo com o gestor, al\u00e9m do treinamento para competi\u00e7\u00f5es (alto rendimento), os interessados no basquete podem frequentar os grupos desenvolvidos nos CECEs. A lista completa dos locais onde a modalidade est\u00e1 dispon\u00edvel pode ser acessado pelo link https:\/\/jundiai.sp.gov.br\/esporte-e-lazer\/.<\/p>\n<p>Os interessados em participar da seletiva devem comparecer no s\u00e1bado (16), no gin\u00e1sio do Bol\u00e3o, com documento de identifica\u00e7\u00e3o que comprove a data de nascimento para participar da atividade. O hor\u00e1rio das 9h \u00e0s 11h, \u00e9 reservado para jovens nascidos entre 2002 a 2004. J\u00e1 o hor\u00e1rio das 11h \u00e0s 13h \u00e9 destinado para nascidos entre 2000 a 2001. &#8220;A seletiva \u00e9 destinada a incluir atletas para a temporada de 2018, por isso a realiza\u00e7\u00e3o em dezembro. No pr\u00f3ximo ano, a expectativa \u00e9 alcan\u00e7ar bons resultados, principalmente no Campeonato Estadual Sub-19, que retornamos neste ano, ap\u00f3s seis temporadas fora&#8221;, comenta o coordenador de Basquete, Leonel Menezes.<\/p>\n<p><strong><em>Assessoria de Imprensa<\/em><\/strong><br \/>\n<strong><em>Foto: Fot\u00f3grafos PMJ<\/em><\/strong><\/p>\n","protected":false},"excerpt":{"rendered":"<p>Em busca de novos talentos para fortalecer a modalidade de Basquete do TIME Jundia\u00ed, a Unidade de Gest\u00e3o de Esporte e Lazer (UGEL) realiza, no pr\u00f3ximo s\u00e1bado (16), seletiva masculina para jovens nascidos entre 2000 e 2004. A peneira acontecer\u00e1 no Centro Educacional, Cultural e Esportivo (CECEs) Nicolino de Luca, o Bol\u00e3o, das 9h \u00e0s [&hellip;]<\/p>\n","protected":false},"author":37,"featured_media":0,"comment_status":"closed","ping_status":"closed","sticky":false,"template":"","format":"standard","meta":{"footnotes":""},"categories":[2],"tags":[894],"ods":[],"class_list":["post-210362","post","type-post","status-publish","format-standard","hentry","category-noticias","tag-ceu-das-artes-do-vista-alegre"],"_links":{"self":[{"href":"https:\/\/jundiai.sp.gov.br\/noticias\/wp-json\/wp\/v2\/posts\/210362","targetHints":{"allow":["GET"]}}],"collection":[{"href":"https:\/\/jundiai.sp.gov.br\/noticias\/wp-json\/wp\/v2\/posts"}],"about":[{"href":"https:\/\/jundiai.sp.gov.br\/noticias\/wp-json\/wp\/v2\/types\/post"}],"author":[{"embeddable":true,"href":"https:\/\/jundiai.sp.gov.br\/noticias\/wp-json\/wp\/v2\/users\/37"}],"replies":[{"embeddable":true,"href":"https:\/\/jundiai.sp.gov.br\/noticias\/wp-json\/wp\/v2\/comments?post=210362"}],"version-history":[{"count":3,"href":"https:\/\/jundiai.sp.gov.br\/noticias\/wp-json\/wp\/v2\/posts\/210362\/revisions"}],"predecessor-version":[{"id":210368,"href":"https:\/\/jundiai.sp.gov.br\/noticias\/wp-json\/wp\/v2\/posts\/210362\/revisions\/210368"}],"wp:attachment":[{"href":"https:\/\/jundiai.sp.gov.br\/noticias\/wp-json\/wp\/v2\/media?parent=210362"}],"wp:term":[{"taxonomy":"category","embeddable":true,"href":"https:\/\/jundiai.sp.gov.br\/noticias\/wp-json\/wp\/v2\/categories?post=210362"},{"taxonomy":"post_tag","embeddable":true,"href":"https:\/\/jundiai.sp.gov.br\/noticias\/wp-json\/wp\/v2\/tags?post=210362"},{"taxonomy":"ods","embeddable":true,"href":"https:\/\/jundiai.sp.gov.br\/noticias\/wp-json\/wp\/v2\/ods?post=210362"}],"curies":[{"name":"wp","href":"https:\/\/api.w.org\/{rel}","templated":true}]}}