{"id":210403,"date":"2017-12-13T12:39:45","date_gmt":"2017-12-13T14:39:45","guid":{"rendered":"https:\/\/jundiai.sp.gov.br\/noticias\/?p=210403"},"modified":"2017-12-13T12:44:23","modified_gmt":"2017-12-13T14:44:23","slug":"talentos-dos-jogos-60-sao-convidados-a-compor-equipe-time-jundiai","status":"publish","type":"post","link":"https:\/\/jundiai.sp.gov.br\/noticias\/2017\/12\/13\/talentos-dos-jogos-60-sao-convidados-a-compor-equipe-time-jundiai\/","title":{"rendered":"Talentos dos Jogos +60 s\u00e3o convidados a compor equipe TIME Jundia\u00ed"},"content":{"rendered":"<div id=\"attachment_210410\" style=\"width: 410px\" class=\"wp-caption alignright\"><a href=\"https:\/\/jundiai.sp.gov.br\/noticias\/wp-content\/uploads\/sites\/32\/2017\/12\/volei-adaptado_c_58-1.jpg\"><img loading=\"lazy\" decoding=\"async\" aria-describedby=\"caption-attachment-210410\" class=\"size-full wp-image-210410\" src=\"https:\/\/jundiai.sp.gov.br\/noticias\/wp-content\/uploads\/sites\/32\/2017\/12\/volei-adaptado_c_58-1.jpg\" alt=\"\" width=\"400\" height=\"350\" \/><\/a><p id=\"caption-attachment-210410\" class=\"wp-caption-text\">Tereza Bergamasco ingressou na equipe de Atletismo<\/p><\/div>\n<p>\u201cA inten\u00e7\u00e3o dos Jogos +60, al\u00e9m de reunir os idosos para uma disputa municipal entre participantes dos grupos dos Centros Esportivos, academias e clubes particulares, era identificar mais atletas para compor a equipe do TIME Jundia\u00ed. Conseguimos selecionar pelo menos 20 novos atletas, que j\u00e1 ir\u00e3o participar da competi\u00e7\u00e3o regional, em Itapeva, no in\u00edcio do pr\u00f3ximo ano\u201d, comenta o gestor da UGEL, Luiz Trientini.<\/p>\n<p><strong>LEIA TAMB\u00c9M<\/strong><br \/>\n<a href=\"https:\/\/jundiai.sp.gov.br\/noticias\/2017\/12\/12\/seletiva-de-basquete-acontece-no-sabado-16-no-bolao\/\">Seletiva de Basquete acontece no s\u00e1bado (16), no Bol\u00e3o<\/a><\/p>\n<p>Na quarta-feira (13), foi realizado encontro para antecipar a apresenta\u00e7\u00e3o de documentos para os atletas que fazem parte da delega\u00e7\u00e3o do JORI. \u201d\u00a0A conversa serve para adiantar o preenchimento das fichas de cadastro e adiantar a entrega dos documentos. A reuni\u00e3o de trabalho com toda a delega\u00e7\u00e3o ainda n\u00e3o foi realizada\u201d,\u00a0 explica o superintendente do Departamento de Esporte Educacional e de Participa\u00e7\u00e3o, Felipe Bonan\u00e7a.<\/p>\n<div id=\"attachment_210407\" style=\"width: 410px\" class=\"wp-caption alignright\"><a href=\"https:\/\/jundiai.sp.gov.br\/noticias\/wp-content\/uploads\/sites\/32\/2017\/12\/atleta-jori-2017_c_3.jpg\"><img loading=\"lazy\" decoding=\"async\" aria-describedby=\"caption-attachment-210407\" class=\"size-full wp-image-210407\" src=\"https:\/\/jundiai.sp.gov.br\/noticias\/wp-content\/uploads\/sites\/32\/2017\/12\/atleta-jori-2017_c_3.jpg\" alt=\"\" width=\"400\" height=\"350\" \/><\/a><p id=\"caption-attachment-210407\" class=\"wp-caption-text\">Efig\u00eania Oliveira \u00e9 o sangue novo na equipe de nata\u00e7\u00e3o do TIME Jundia\u00ed<\/p><\/div>\n<p><strong>Sangue novo<\/strong><br \/>\nTereza de Oliveira Bergamasco tem 82 anos e faz parte do time de V\u00f4lei Adaptado do CECE Antonio de Lima. Durante os Jogos +60 participou da corrida de 800 metros e venceu. \u201cSempre foi o meu sonho participar de competi\u00e7\u00f5es esportivas. Quando era jovem n\u00e3o tinha oportunidade. Agora que vou participar da equipe e defender a minha cidade, estou muito feliz\u201d, conta a idosa, que mant\u00e9m a alimenta\u00e7\u00e3o equilibrada rica em frutas, verduras, legumes e longe dos doces.<\/p>\n<p>Participante das aulas de nata\u00e7\u00e3o oferecidas pela UGEL h\u00e1 cinco anos, a auxiliar de enfermagem aposentada, Efig\u00eania Assun\u00e7\u00e3o de Oliveira, 67 anos, vai estrear no JORI em janeiro. Ela foi convidada a participar do TIME Jundia\u00ed a partir do desempenho nos Jogos +60. \u201cNunca imaginei competir. \u00c9 uma responsabilidade grande. Vou representar a minha cidade. Estou muito entusiasmada\u201d, conta a idosa, que ir\u00e1 treinar em janeiro junto com a delega\u00e7\u00e3o jundiaiense para melhorar seu tempo. \u201c\u00c9 uma nova experi\u00eancia. Nunca fiquei em alojamento. Ser\u00e1 uma \u00f3tima viv\u00eancia para conhecer outras cidades, fazer amigos\u201d, comenta.<\/p>\n<p><em><strong>Assessoria de Imprensa<\/strong><\/em><br \/>\n<em><strong>Fotos: Fot\u00f3grafos PMJ<\/strong><\/em><\/p>\n","protected":false},"excerpt":{"rendered":"<p>\u201cA inten\u00e7\u00e3o dos Jogos +60, al\u00e9m de reunir os idosos para uma disputa municipal entre participantes dos grupos dos Centros Esportivos, academias e clubes particulares, era identificar mais atletas para compor a equipe do TIME Jundia\u00ed. Conseguimos selecionar pelo menos 20 novos atletas, que j\u00e1 ir\u00e3o participar da competi\u00e7\u00e3o regional, em Itapeva, no in\u00edcio do [&hellip;]<\/p>\n","protected":false},"author":30,"featured_media":0,"comment_status":"closed","ping_status":"closed","sticky":false,"template":"","format":"standard","meta":{"footnotes":""},"categories":[2],"tags":[980,411,91,416,981],"ods":[],"class_list":["post-210403","post","type-post","status-publish","format-standard","hentry","category-noticias","tag-assistencia-e-desenvolvimento-social","tag-centro-esportivo","tag-escola-superior-de-educacao-fisica-de-jundiai-esef","tag-fundo-social-de-solidariedade-funss","tag-promocao-da-saude"],"_links":{"self":[{"href":"https:\/\/jundiai.sp.gov.br\/noticias\/wp-json\/wp\/v2\/posts\/210403","targetHints":{"allow":["GET"]}}],"collection":[{"href":"https:\/\/jundiai.sp.gov.br\/noticias\/wp-json\/wp\/v2\/posts"}],"about":[{"href":"https:\/\/jundiai.sp.gov.br\/noticias\/wp-json\/wp\/v2\/types\/post"}],"author":[{"embeddable":true,"href":"https:\/\/jundiai.sp.gov.br\/noticias\/wp-json\/wp\/v2\/users\/30"}],"replies":[{"embeddable":true,"href":"https:\/\/jundiai.sp.gov.br\/noticias\/wp-json\/wp\/v2\/comments?post=210403"}],"version-history":[{"count":6,"href":"https:\/\/jundiai.sp.gov.br\/noticias\/wp-json\/wp\/v2\/posts\/210403\/revisions"}],"predecessor-version":[{"id":210412,"href":"https:\/\/jundiai.sp.gov.br\/noticias\/wp-json\/wp\/v2\/posts\/210403\/revisions\/210412"}],"wp:attachment":[{"href":"https:\/\/jundiai.sp.gov.br\/noticias\/wp-json\/wp\/v2\/media?parent=210403"}],"wp:term":[{"taxonomy":"category","embeddable":true,"href":"https:\/\/jundiai.sp.gov.br\/noticias\/wp-json\/wp\/v2\/categories?post=210403"},{"taxonomy":"post_tag","embeddable":true,"href":"https:\/\/jundiai.sp.gov.br\/noticias\/wp-json\/wp\/v2\/tags?post=210403"},{"taxonomy":"ods","embeddable":true,"href":"https:\/\/jundiai.sp.gov.br\/noticias\/wp-json\/wp\/v2\/ods?post=210403"}],"curies":[{"name":"wp","href":"https:\/\/api.w.org\/{rel}","templated":true}]}}