{"id":210443,"date":"2017-12-13T17:33:45","date_gmt":"2017-12-13T19:33:45","guid":{"rendered":"https:\/\/jundiai.sp.gov.br\/noticias\/?p=210443"},"modified":"2017-12-13T17:33:45","modified_gmt":"2017-12-13T19:33:45","slug":"procon-orienta-sobre-seguro-facultativo-no-transporte-interestadual-e-internacional","status":"publish","type":"post","link":"https:\/\/jundiai.sp.gov.br\/noticias\/2017\/12\/13\/procon-orienta-sobre-seguro-facultativo-no-transporte-interestadual-e-internacional\/","title":{"rendered":"Procon orienta sobre seguro facultativo no transporte interestadual e internacional"},"content":{"rendered":"<p><strong>A comercializa\u00e7\u00e3o do seguro facultativo no transporte interestadual e internacional foi proibida pela Justi\u00e7a brasileira, informa o Procon. Segundo a coordenadora Gabriela Glinternik, o consumidor que for obrigado a pagar por esse seguro poder\u00e1 pedir o ressarcimento na unidade de seu munic\u00edpio do \u00f3rg\u00e3o ou no Juizado Especial C\u00edvel, apresentando o comprovante de pagamento.<\/strong><\/p>\n<p><strong>LEIA TAMB\u00c9M<\/strong><br \/>\n<a href=\"https:\/\/jundiai.sp.gov.br\/noticias\/2017\/10\/17\/dae-jundiai-e-a-primeira-empresa-do-auj-a-aderir-ao-consumidor-gov-br\/\">DAE Jundia\u00ed \u00e9 a primeira empresa do AUJ a aderir ao Consumidor.gov.br<\/a><\/p>\n<p>Quem quiser denunciar que foi oferecida a venda deste seguro, a reclama\u00e7\u00e3o dever\u00e1 ser registrada em um dos canais da Ag\u00eancia Nacional de Transportes Terrestres, explica Gabriela.\u00a0 A reclama\u00e7\u00e3o pode ser feita no link:\u00a0<a href=\"http:\/\/www.antt.gov.br\/faleConosco\/index.html\">http:\/\/www.antt.gov.br\/faleConosco\/index.html<\/a>\u00a0ou\u00a0pelo telefone 166.\u00a0\u201cUtilize tamb\u00e9m o Consumidor.gov.br e verifique se a empresa que voc\u00ea quer reclamar participa da plataforma. O Consumidor.gov.br \u00e9 um servi\u00e7o p\u00fablico que permite a interlocu\u00e7\u00e3o direta entre consumidores e empresas para solu\u00e7\u00e3o de conflitos de consumo pela internet\u201d, acrescenta a coordenadora.<\/p>\n<p>O Procon Jundia\u00ed\u00a0fica na\u00a0rua Bar\u00e3o de Jundia\u00ed, 153, Centro, anexo \u00e0 C\u00e2mara Municipal. O Procon Jundia\u00ed n\u00e3o realiza atendimento telef\u00f4nico. O atendimento \u00e9 presencial, de segunda a sexta-feira, das 8h \u00e0s 16h, com um n\u00famero limitado de senhas diariamente distribu\u00eddas na recep\u00e7\u00e3o.<\/p>\n<p class=\"Standard\"><em><strong>Assessoria de Imprensa<\/strong><\/em><\/p>\n","protected":false},"excerpt":{"rendered":"<p>A comercializa\u00e7\u00e3o do seguro facultativo no transporte interestadual e internacional foi proibida pela Justi\u00e7a brasileira, informa o Procon. Segundo a coordenadora Gabriela Glinternik, o consumidor que for obrigado a pagar por esse seguro poder\u00e1 pedir o ressarcimento na unidade de seu munic\u00edpio do \u00f3rg\u00e3o ou no Juizado Especial C\u00edvel, apresentando o comprovante de pagamento. LEIA [&hellip;]<\/p>\n","protected":false},"author":30,"featured_media":0,"comment_status":"closed","ping_status":"closed","sticky":false,"template":"","format":"standard","meta":{"footnotes":""},"categories":[2],"tags":[33],"ods":[],"class_list":["post-210443","post","type-post","status-publish","format-standard","hentry","category-noticias","tag-procon"],"_links":{"self":[{"href":"https:\/\/jundiai.sp.gov.br\/noticias\/wp-json\/wp\/v2\/posts\/210443","targetHints":{"allow":["GET"]}}],"collection":[{"href":"https:\/\/jundiai.sp.gov.br\/noticias\/wp-json\/wp\/v2\/posts"}],"about":[{"href":"https:\/\/jundiai.sp.gov.br\/noticias\/wp-json\/wp\/v2\/types\/post"}],"author":[{"embeddable":true,"href":"https:\/\/jundiai.sp.gov.br\/noticias\/wp-json\/wp\/v2\/users\/30"}],"replies":[{"embeddable":true,"href":"https:\/\/jundiai.sp.gov.br\/noticias\/wp-json\/wp\/v2\/comments?post=210443"}],"version-history":[{"count":2,"href":"https:\/\/jundiai.sp.gov.br\/noticias\/wp-json\/wp\/v2\/posts\/210443\/revisions"}],"predecessor-version":[{"id":210445,"href":"https:\/\/jundiai.sp.gov.br\/noticias\/wp-json\/wp\/v2\/posts\/210443\/revisions\/210445"}],"wp:attachment":[{"href":"https:\/\/jundiai.sp.gov.br\/noticias\/wp-json\/wp\/v2\/media?parent=210443"}],"wp:term":[{"taxonomy":"category","embeddable":true,"href":"https:\/\/jundiai.sp.gov.br\/noticias\/wp-json\/wp\/v2\/categories?post=210443"},{"taxonomy":"post_tag","embeddable":true,"href":"https:\/\/jundiai.sp.gov.br\/noticias\/wp-json\/wp\/v2\/tags?post=210443"},{"taxonomy":"ods","embeddable":true,"href":"https:\/\/jundiai.sp.gov.br\/noticias\/wp-json\/wp\/v2\/ods?post=210443"}],"curies":[{"name":"wp","href":"https:\/\/api.w.org\/{rel}","templated":true}]}}