{"id":210578,"date":"2017-12-15T21:28:04","date_gmt":"2017-12-15T23:28:04","guid":{"rendered":"https:\/\/jundiai.sp.gov.br\/noticias\/?p=210578"},"modified":"2017-12-15T21:28:04","modified_gmt":"2017-12-15T23:28:04","slug":"praca-das-noivas-e-revitalizada-e-entregue-a-populacao","status":"publish","type":"post","link":"https:\/\/jundiai.sp.gov.br\/noticias\/2017\/12\/15\/praca-das-noivas-e-revitalizada-e-entregue-a-populacao\/","title":{"rendered":"Pra\u00e7a das Noivas \u00e9 revitalizada e entregue \u00e0 popula\u00e7\u00e3o"},"content":{"rendered":"<div id=\"attachment_210579\" style=\"width: 1250px\" class=\"wp-caption alignleft\"><a href=\"https:\/\/jundiai.sp.gov.br\/noticias\/wp-content\/uploads\/sites\/32\/2017\/12\/dpf3885.jpg\"><img loading=\"lazy\" decoding=\"async\" aria-describedby=\"caption-attachment-210579\" class=\"size-full wp-image-210579\" src=\"https:\/\/jundiai.sp.gov.br\/noticias\/wp-content\/uploads\/sites\/32\/2017\/12\/dpf3885.jpg\" alt=\"\" width=\"1240\" height=\"693\" srcset=\"https:\/\/jundiai.sp.gov.br\/noticias\/wp-content\/uploads\/sites\/32\/2017\/12\/dpf3885.jpg 1240w, https:\/\/jundiai.sp.gov.br\/noticias\/wp-content\/uploads\/sites\/32\/2017\/12\/dpf3885-300x168.jpg 300w, https:\/\/jundiai.sp.gov.br\/noticias\/wp-content\/uploads\/sites\/32\/2017\/12\/dpf3885-768x429.jpg 768w, https:\/\/jundiai.sp.gov.br\/noticias\/wp-content\/uploads\/sites\/32\/2017\/12\/dpf3885-1160x648.jpg 1160w\" sizes=\"auto, (max-width: 1240px) 100vw, 1240px\" \/><\/a><p id=\"caption-attachment-210579\" class=\"wp-caption-text\">A revitaliza\u00e7\u00e3o da pra\u00e7a faz parte das comemora\u00e7\u00f5es do anivers\u00e1rio de Jundia\u00ed<\/p><\/div>\n<p><strong>A Unidade de Gest\u00e3o de Infraestrutura e Servi\u00e7os P\u00fablicos (UGISP) entregou \u00e0 popula\u00e7\u00e3o jundiaiense, nesta sexta-feira (15), a pra\u00e7a Concei\u00e7\u00e3o Aparecida (Pra\u00e7a das Noivas) totalmente revitalizada com custo zero para os cofres p\u00fablicos. As obras de revitaliza\u00e7\u00e3o no local come\u00e7aram em outubro e foram executadas, em sua maioria, com recursos pr\u00f3prios.<\/strong><\/p>\n<p>Al\u00e9m disso, alguns empres\u00e1rios doaram materiais que foram utilizados nos reparos. Uma rede de supermercados que abriu recentemente uma unidade no Munic\u00edpio doou as pastilhas utilizadas para revestimento. A UGISP recebeu apoio, tamb\u00e9m, na parte hidr\u00e1ulica e el\u00e9trica. \u201cFoi feita a reforma da fonte, reforma e pintura da ponte, revitaliza\u00e7\u00e3o paisag\u00edstica, reforma e amplia\u00e7\u00e3o dos pontos de ilumina\u00e7\u00e3o p\u00fablica e recupera\u00e7\u00e3o dos passeios\u201d, explica o gestor da UGISP, Adilson Rosa.<\/p>\n<p><strong>LEIA TAMB\u00c9M<\/strong><br \/>\n<a href=\"https:\/\/jundiai.sp.gov.br\/noticias\/2017\/12\/14\/jardim-sao-camilo-ganha-primeira-praca-publica-com-wi-fi-gratuito\/\">Jardim S\u00e3o Camilo ganha primeira pra\u00e7a p\u00fablica com Wi-Fi gratuito<\/a><\/p>\n<p>Uma das principais atra\u00e7\u00f5es \u00e9 o novo sistema de ilumina\u00e7\u00e3o. Foram instaladas l\u00e2mpadas de LED que v\u00e3o proporcionar uma altern\u00e2ncia de cores, sempre no per\u00edodo noturno. A beleza da fonte chamou a aten\u00e7\u00e3o de v\u00e1rias pessoas que passavam pelo local no momento da inaugura\u00e7\u00e3o. Entre eles, o casal de namorados F\u00e1bio Miguel e Beatriz Silva, que resolveram parar para tirar fotos. \u201cA pra\u00e7a toda est\u00e1 linda, mas a fonte com certeza \u00e9 o que mais se destaca. \u00c9 muito bom ver a cidade sendo bem cuidada desta forma\u201d, comentou o rapaz.<\/p>\n<p>A ideia \u00e9 a partir do ano que vem utilizar o sistema de cores em datas comemorativas como, por exemplo, no maio amarelo, outubro rosa e novembro azul. A revitaliza\u00e7\u00e3o da pra\u00e7a faz parte das comemora\u00e7\u00f5es do anivers\u00e1rio de 362 de Jundia\u00ed, que se encerram no domingo (17), com um concerto da Orquestra Municipal de Jundia\u00ed no Parque da Cidade, que ter\u00e1 participa\u00e7\u00e3o do cantor Renato Teixeira e Conversa Ribeira.<\/p>\n<p><em><strong>Assessoria de Imprensa<br \/>\nFotos: Fot\u00f3grafos PMJ<\/strong><\/em><\/p>\n","protected":false},"excerpt":{"rendered":"<p> A revitaliza\u00e7\u00e3o da pra\u00e7a faz parte das comemora\u00e7\u00f5es do anivers\u00e1rio de 362 de Jundia\u00ed, que se encerram no domingo (17)<\/p>\n","protected":false},"author":33,"featured_media":210584,"comment_status":"closed","ping_status":"closed","sticky":false,"template":"","format":"standard","meta":{"footnotes":""},"categories":[2],"tags":[985,1054,403],"ods":[],"class_list":["post-210578","post","type-post","status-publish","format-standard","has-post-thumbnail","hentry","category-noticias","tag-infraestrutura-e-servicos-publicos","tag-jundiai-362-anos","tag-revitalizacao"],"_links":{"self":[{"href":"https:\/\/jundiai.sp.gov.br\/noticias\/wp-json\/wp\/v2\/posts\/210578","targetHints":{"allow":["GET"]}}],"collection":[{"href":"https:\/\/jundiai.sp.gov.br\/noticias\/wp-json\/wp\/v2\/posts"}],"about":[{"href":"https:\/\/jundiai.sp.gov.br\/noticias\/wp-json\/wp\/v2\/types\/post"}],"author":[{"embeddable":true,"href":"https:\/\/jundiai.sp.gov.br\/noticias\/wp-json\/wp\/v2\/users\/33"}],"replies":[{"embeddable":true,"href":"https:\/\/jundiai.sp.gov.br\/noticias\/wp-json\/wp\/v2\/comments?post=210578"}],"version-history":[{"count":5,"href":"https:\/\/jundiai.sp.gov.br\/noticias\/wp-json\/wp\/v2\/posts\/210578\/revisions"}],"predecessor-version":[{"id":210586,"href":"https:\/\/jundiai.sp.gov.br\/noticias\/wp-json\/wp\/v2\/posts\/210578\/revisions\/210586"}],"wp:featuredmedia":[{"embeddable":true,"href":"https:\/\/jundiai.sp.gov.br\/noticias\/wp-json\/wp\/v2\/media\/210584"}],"wp:attachment":[{"href":"https:\/\/jundiai.sp.gov.br\/noticias\/wp-json\/wp\/v2\/media?parent=210578"}],"wp:term":[{"taxonomy":"category","embeddable":true,"href":"https:\/\/jundiai.sp.gov.br\/noticias\/wp-json\/wp\/v2\/categories?post=210578"},{"taxonomy":"post_tag","embeddable":true,"href":"https:\/\/jundiai.sp.gov.br\/noticias\/wp-json\/wp\/v2\/tags?post=210578"},{"taxonomy":"ods","embeddable":true,"href":"https:\/\/jundiai.sp.gov.br\/noticias\/wp-json\/wp\/v2\/ods?post=210578"}],"curies":[{"name":"wp","href":"https:\/\/api.w.org\/{rel}","templated":true}]}}