{"id":211266,"date":"2018-01-03T18:26:13","date_gmt":"2018-01-03T20:26:13","guid":{"rendered":"https:\/\/jundiai.sp.gov.br\/noticias\/?p=211266"},"modified":"2018-01-04T15:56:09","modified_gmt":"2018-01-04T17:56:09","slug":"paulista-abre-copa-sao-paulo-no-estadio-jayme-cintra","status":"publish","type":"post","link":"https:\/\/jundiai.sp.gov.br\/noticias\/2018\/01\/03\/paulista-abre-copa-sao-paulo-no-estadio-jayme-cintra\/","title":{"rendered":"Paulista abre Copa S\u00e3o Paulo no est\u00e1dio Jayme Cintra"},"content":{"rendered":"<div id=\"attachment_211268\" style=\"width: 410px\" class=\"wp-caption alignleft\"><a href=\"https:\/\/jundiai.sp.gov.br\/noticias\/wp-content\/uploads\/sites\/32\/2018\/01\/copa_paulista-139.jpg\"><img loading=\"lazy\" decoding=\"async\" aria-describedby=\"caption-attachment-211268\" class=\"size-full wp-image-211268\" src=\"https:\/\/jundiai.sp.gov.br\/noticias\/wp-content\/uploads\/sites\/32\/2018\/01\/copa_paulista-139.jpg\" alt=\"\" width=\"400\" height=\"350\" \/><\/a><p id=\"caption-attachment-211268\" class=\"wp-caption-text\">Apresenta\u00e7\u00e3o dos times aconteceu na tarde de quarta-feira, no est\u00e1dio Jayme Cintra<\/p><\/div>\n<p><strong>Os jundiaienses poder\u00e3o, a partir de quinta-feira (04), acompanhar as partidas do time da cidade, Paulista FC, pela 49\u00ba Copa S\u00e3o Paulo de Futebol J\u00fanior, no est\u00e1dio Jayme Cintra, a partir das 14h. A cidade \u00e9 sede de chave da competi\u00e7\u00e3o e a parceria com a Unidade de Gest\u00e3o de Esporte e Lazer (UGEL) foi fundamental para a realiza\u00e7\u00e3o do evento na cidade.<\/strong><\/p>\n<p>Os jogos dos times Paulista FC, Red Bull Brasil, Ava\u00ed Futebol Clube (SC) e Esporte Clube S\u00e3o Jos\u00e9 (RS) ser\u00e3o realizados no est\u00e1dio jundiaiense e os times do sul contam com o apoio da UGEL para o treinamento. \u201cA Prefeitura oferece os\u00a0campos para os treinos das equipes al\u00e9m do transporte dos jogadores. Dessa forma conseguimos manter a qualidade do evento e o conforto para os times\u201d, detalha o\u00a0educador f\u00edsico Rinaldo S\u00e9rgio do Nascimento, da UGEL.<\/p>\n<p><strong>LEIA TAMB\u00c9M<\/strong><br \/>\n<a href=\"https:\/\/jundiai.sp.gov.br\/noticias\/2018\/01\/03\/35-mil-inscritos-disputam-vagas-para-aulas-publicas-de-natacao\/\">3,5 mil inscritos disputam vagas para aulas p\u00fablicas de Nata\u00e7\u00e3o<\/a><\/p>\n<p>De acordo com o \u00a0gerente de futebol do Paulista FC, Antonio Carlos Nogueira de S\u00e1 J\u00fanior, a expectativa para esta edi\u00e7\u00e3o do evento \u00e9 grande. \u201cNo ano passado tivemos bom desempenho. A Copa \u00e9 uma vitrine para os jogadores. Estamos confiantes de que a cidade ter\u00e1 um grande espet\u00e1culo\u201d, comenta o gerente que espera mais de 12 mil pessoas para as partidas. A aposta vem embasada pelo t\u00edtulo conquistado pelo time, no final do ano passado, a Copa Ouro.<\/p>\n<p>O coordenador da base do Red Bull Brasil, Carlos Andrade, reafirma a import\u00e2ncia da cidade para a competi\u00e7\u00e3o e ao time de Campinas. \u201cNosso Centro de Treinamento est\u00e1 localizado em Jarinu. Jundia\u00ed \u00e9 a melhor op\u00e7\u00e3o log\u00edstica para o nosso time. Estamos confiantes em sair com a vit\u00f3ria do campeonato\u201d, explica.<\/p>\n<p><strong>Detalhes<\/strong><br \/>\nNesta quarta-feira (03), foi feita apresenta\u00e7\u00e3o dos times \u00e0 imprensa, logo ap\u00f3s a confer\u00eancia da documenta\u00e7\u00e3o pelo diretor da Federa\u00e7\u00e3o Paulista de Futebol e diretor da sede de Jundia\u00ed da Copa S\u00e3o Paulo, V\u00e1gner Barbosa. \u201cA confer\u00eancia \u00e9 obrigat\u00f3ria para garantir as informa\u00e7\u00f5es dos atletas. A FPF parabeniza a parceria firmada para manter a cidade como sede. Existem muitos munic\u00edpios interessados em conseguir uma vaga na Copa, j\u00e1 que movimenta o mercado de jogadores at\u00e9 para o exterior\u201d, argumenta.<\/p>\n<p>Do Rio Grande do Sul, o time S\u00e3o Jos\u00e9, quer ultrapassar as marcas das \u00faltimas quatro participa\u00e7\u00f5es, quando n\u00e3o passaram da primeira fase. \u201cEstamos contando com total apoio da organiza\u00e7\u00e3o da cidade e esperamos fazer boas apresenta\u00e7\u00f5es para chegar at\u00e9 uma final, quem sabe\u201d, projeta o coordenador t\u00e9cnico S\u00e9rgio Chemali.<\/p>\n<p>J\u00e1 o integrante da comiss\u00e3o t\u00e9cnica do Ava\u00ed, Rodheber Lopes, tem na bagagem do ano passado as quartas de final. \u201cN\u00e3o sa\u00edmos de casa para perder. Queremos ser campe\u00f5es e vamos trabalhar para isso\u201d, conta.<\/p>\n<p><strong>Confira a tabela da primeira fase do Grupo 20 \u2013 Est\u00e1dio Jayme Cintra<\/strong><\/p>\n<p>04\/01 \u2013 14h \u2013 Paulista x\u00a0S\u00e3o\u00a0Jos\u00e9-R<br \/>\n04\/01 \u2013 16h \u2013 Ava\u00ed x RB Brasil<br \/>\n07\/01 \u2013 14h \u2013 Paulista x RB Brasil<br \/>\n07\/01 \u2013 16h \u2013\u00a0S\u00e3o\u00a0Jos\u00e9-RS x Ava\u00ed<br \/>\n10\/01 \u2013 14h \u2013 RB Brasil x\u00a0S\u00e3o\u00a0Jos\u00e9-RS<br \/>\n10\/01 \u2013 16h \u2013 Paulista x Ava\u00ed<\/p>\n<p><em><strong>Assessoria de Imprensa<br \/>\n<\/strong><\/em><em><strong>Foto: Fot\u00f3grafo PMJ<\/strong><\/em><\/p>\n","protected":false},"excerpt":{"rendered":"<p>Os jundiaienses poder\u00e3o, a partir de quinta-feira (04), acompanhar as partidas do time da cidade, Paulista FC, pela 49\u00ba Copa S\u00e3o Paulo de Futebol J\u00fanior, no est\u00e1dio Jayme Cintra, a partir das 14h. A cidade \u00e9 sede de chave da competi\u00e7\u00e3o e a parceria com a Unidade de Gest\u00e3o de Esporte e Lazer (UGEL) foi [&hellip;]<\/p>\n","protected":false},"author":30,"featured_media":0,"comment_status":"closed","ping_status":"closed","sticky":false,"template":"","format":"standard","meta":{"footnotes":""},"categories":[2],"tags":[144],"ods":[],"class_list":["post-211266","post","type-post","status-publish","format-standard","hentry","category-noticias","tag-estadio-dr-jayme-cintra"],"_links":{"self":[{"href":"https:\/\/jundiai.sp.gov.br\/noticias\/wp-json\/wp\/v2\/posts\/211266","targetHints":{"allow":["GET"]}}],"collection":[{"href":"https:\/\/jundiai.sp.gov.br\/noticias\/wp-json\/wp\/v2\/posts"}],"about":[{"href":"https:\/\/jundiai.sp.gov.br\/noticias\/wp-json\/wp\/v2\/types\/post"}],"author":[{"embeddable":true,"href":"https:\/\/jundiai.sp.gov.br\/noticias\/wp-json\/wp\/v2\/users\/30"}],"replies":[{"embeddable":true,"href":"https:\/\/jundiai.sp.gov.br\/noticias\/wp-json\/wp\/v2\/comments?post=211266"}],"version-history":[{"count":4,"href":"https:\/\/jundiai.sp.gov.br\/noticias\/wp-json\/wp\/v2\/posts\/211266\/revisions"}],"predecessor-version":[{"id":211285,"href":"https:\/\/jundiai.sp.gov.br\/noticias\/wp-json\/wp\/v2\/posts\/211266\/revisions\/211285"}],"wp:attachment":[{"href":"https:\/\/jundiai.sp.gov.br\/noticias\/wp-json\/wp\/v2\/media?parent=211266"}],"wp:term":[{"taxonomy":"category","embeddable":true,"href":"https:\/\/jundiai.sp.gov.br\/noticias\/wp-json\/wp\/v2\/categories?post=211266"},{"taxonomy":"post_tag","embeddable":true,"href":"https:\/\/jundiai.sp.gov.br\/noticias\/wp-json\/wp\/v2\/tags?post=211266"},{"taxonomy":"ods","embeddable":true,"href":"https:\/\/jundiai.sp.gov.br\/noticias\/wp-json\/wp\/v2\/ods?post=211266"}],"curies":[{"name":"wp","href":"https:\/\/api.w.org\/{rel}","templated":true}]}}