{"id":211445,"date":"2018-01-10T18:42:00","date_gmt":"2018-01-10T20:42:00","guid":{"rendered":"https:\/\/jundiai.sp.gov.br\/noticias\/?p=211445"},"modified":"2018-01-10T18:43:26","modified_gmt":"2018-01-10T20:43:26","slug":"carretas-voltam-ao-parque-da-uva-em-cursos-oferecidos-pelo-funss","status":"publish","type":"post","link":"https:\/\/jundiai.sp.gov.br\/noticias\/2018\/01\/10\/carretas-voltam-ao-parque-da-uva-em-cursos-oferecidos-pelo-funss\/","title":{"rendered":"Carretas voltam ao Parque da Uva em cursos oferecidos pelo Funss"},"content":{"rendered":"<p>O Fundo Social de Solidariedade de Jundia\u00ed (Funss) abrir\u00e1, nesta quinta-feira (11), inscri\u00e7\u00f5es para tr\u00eas cursos na \u00e1rea de Produ\u00e7\u00e3o Aliment\u00edcia. J\u00e1 na sexta-feira (12) ser\u00e1 a vez dos interessados no segmento de Hospitalidade garantirem a oportunidade da qualifica\u00e7\u00e3o profissional. No total, ser\u00e3o disponibilizadas 38 vagas para o m\u00f3dulo de Gar\u00e7om. J\u00e1 as capacita\u00e7\u00f5es de Salgadeiro, Confeiteiro e Panifica\u00e7\u00e3o ter\u00e3o 20 vagas cada uma.<\/p>\n<p>A iniciativa \u00e9 voltada para pessoas com 16 anos ou mais, residentes em Jundia\u00ed e com Ensino Fundamental completo.\u00a0As matr\u00edculas ser\u00e3o feitas de acordo com o calend\u00e1rio apresentado, por ordem de chegada e de forma presencial, por isso, \u00e9 preciso ir pessoalmente ao Funss, que fica dentro do Parque da Uva, com acesso pela avenida Dona Manoela Lacerda de Vergueiro, s\/n, port\u00e3o 03, bairro Anhangaba\u00fa. As senhas ser\u00e3o entregues \u00e0s 8h at\u00e9 o preenchimento de todas as vagas.<\/p>\n<div id=\"attachment_211446\" style=\"width: 1290px\" class=\"wp-caption alignleft\"><a href=\"https:\/\/jundiai.sp.gov.br\/noticias\/wp-content\/uploads\/sites\/32\/2018\/01\/carreta_producao_alimenticia.jpg\"><img loading=\"lazy\" decoding=\"async\" aria-describedby=\"caption-attachment-211446\" class=\"size-full wp-image-211446\" src=\"https:\/\/jundiai.sp.gov.br\/noticias\/wp-content\/uploads\/sites\/32\/2018\/01\/carreta_producao_alimenticia.jpg\" alt=\"\" width=\"1280\" height=\"853\" srcset=\"https:\/\/jundiai.sp.gov.br\/noticias\/wp-content\/uploads\/sites\/32\/2018\/01\/carreta_producao_alimenticia.jpg 1280w, https:\/\/jundiai.sp.gov.br\/noticias\/wp-content\/uploads\/sites\/32\/2018\/01\/carreta_producao_alimenticia-300x200.jpg 300w, https:\/\/jundiai.sp.gov.br\/noticias\/wp-content\/uploads\/sites\/32\/2018\/01\/carreta_producao_alimenticia-768x512.jpg 768w, https:\/\/jundiai.sp.gov.br\/noticias\/wp-content\/uploads\/sites\/32\/2018\/01\/carreta_producao_alimenticia-1160x773.jpg 1160w\" sizes=\"auto, (max-width: 1280px) 100vw, 1280px\" \/><\/a><p id=\"caption-attachment-211446\" class=\"wp-caption-text\">Inscri\u00e7\u00f5es para cursos da \u00e1rea de Produ\u00e7\u00e3o Aliment\u00edcia ser\u00e3o nesta quinta-feira (11)<\/p><\/div>\n<p>No momento da inscri\u00e7\u00e3o \u00e9 preciso apresentar\u00a0<strong>originais e c\u00f3pias do RG, CPF e Comprovante de Resid\u00eancia,<\/strong>\u00a0que necessariamente deve ser\u00a0<strong>o Carn\u00ea de IPTU de Jundia\u00ed ou uma conta de \u00e1gua, luz ou telefone em nome do aluno<\/strong>\u00a0e tamb\u00e9m:<\/p>\n<ul>\n<li><strong>RG ou Certid\u00e3o de Nascimento<\/strong>: quando o comprovante estiver em nome dos pais;<\/li>\n<li><strong>Certid\u00e3o de Casamento<\/strong>: quando o comprovante estiver em nome do c\u00f4njuge;<\/li>\n<li><strong>Contrato de Loca\u00e7\u00e3o<\/strong>: quando o contrato estiver em nome do aluno;<\/li>\n<li><strong>Contrato de Loca\u00e7\u00e3o + Certid\u00e3o de Casamento<\/strong>: quando o contrato estiver em nome do c\u00f4njuge.<\/li>\n<\/ul>\n<p>Ser\u00e3o aceitos, conforme quantidade de vagas, os primeiros inscritos que cumprirem os requisitos acima. Inscri\u00e7\u00f5es excedentes ficar\u00e3o em lista de espera e ser\u00e3o convocadas somente em casos de desist\u00eancia.<\/p>\n<p>Os cursos s\u00e3o fruto de uma parceria entre a Prefeitura de Jundia\u00ed, Centro Paula Souza e o programa Via R\u00e1pida com a coordena\u00e7\u00e3o da ETEC Benedito Storani. As aulas ser\u00e3o ministradas em unidades m\u00f3veis que ficar\u00e3o estacionadas no Parque Comendador Ant\u00f4nio Carbonari durante todo o per\u00edodo de realiza\u00e7\u00e3o da 35\u00aa Festa da Uva e VI Expo Vinhos 2018, a exemplo do ano passado. As carretas contam com acessibilidade e s\u00e3o adaptadas para receber toda a infraestrutura necess\u00e1ria.<\/p>\n<p>As aulas ter\u00e3o in\u00edcio no dia 16 de janeiro e t\u00e9rmino previsto para o dia 06 de fevereiro. Os encontros ser\u00e3o ministrados sempre de segunda a sexta-feira.\u00a0Na unidade m\u00f3vel de Produ\u00e7\u00e3o Aliment\u00edcia, a capacita\u00e7\u00e3o de Salgadeiro ser\u00e1 promovida das 8h \u00e0s 12h10. J\u00e1 Confeiteiro ocorrer\u00e1 das 13h \u00e0s 17h10 e Panifica\u00e7\u00e3o das 18h \u00e0s 21h45. Na carreta de Hospitalidade, o m\u00f3dulo de Gar\u00e7om ter\u00e1 duas turmas, sendo uma das 8h \u00e0s 12h10 e outra das 13h \u00e0s 17h10. Informa\u00e7\u00f5es pelo telefone (11) 4521-2929,\u00a04521-2762 e\u00a04521- 6833.<\/p>\n<p><strong><em>Assessoria de Imprensa<\/em><\/strong><br \/>\n<strong><em>Foto: Fot\u00f3grafos PMJ<\/em><\/strong><\/p>\n","protected":false},"excerpt":{"rendered":"<p>Produ\u00e7\u00e3o Aliment\u00edcia, Gar\u00e7om, Salgadeiro, Confeiteiro e Panifica\u00e7\u00e3o s\u00e3o os cursos que ter\u00e3o inscri\u00e7\u00f5es abertas a partir desta quinta-feira (11)<\/p>\n","protected":false},"author":30,"featured_media":211451,"comment_status":"closed","ping_status":"closed","sticky":false,"template":"","format":"standard","meta":{"footnotes":""},"categories":[2],"tags":[1055,1039,416],"ods":[],"class_list":["post-211445","post","type-post","status-publish","format-standard","has-post-thumbnail","hentry","category-noticias","tag-35a-festa-da-uva-e-6a-expo-vinhos","tag-cursos-funss","tag-fundo-social-de-solidariedade-funss"],"_links":{"self":[{"href":"https:\/\/jundiai.sp.gov.br\/noticias\/wp-json\/wp\/v2\/posts\/211445","targetHints":{"allow":["GET"]}}],"collection":[{"href":"https:\/\/jundiai.sp.gov.br\/noticias\/wp-json\/wp\/v2\/posts"}],"about":[{"href":"https:\/\/jundiai.sp.gov.br\/noticias\/wp-json\/wp\/v2\/types\/post"}],"author":[{"embeddable":true,"href":"https:\/\/jundiai.sp.gov.br\/noticias\/wp-json\/wp\/v2\/users\/30"}],"replies":[{"embeddable":true,"href":"https:\/\/jundiai.sp.gov.br\/noticias\/wp-json\/wp\/v2\/comments?post=211445"}],"version-history":[{"count":4,"href":"https:\/\/jundiai.sp.gov.br\/noticias\/wp-json\/wp\/v2\/posts\/211445\/revisions"}],"predecessor-version":[{"id":211450,"href":"https:\/\/jundiai.sp.gov.br\/noticias\/wp-json\/wp\/v2\/posts\/211445\/revisions\/211450"}],"wp:featuredmedia":[{"embeddable":true,"href":"https:\/\/jundiai.sp.gov.br\/noticias\/wp-json\/wp\/v2\/media\/211451"}],"wp:attachment":[{"href":"https:\/\/jundiai.sp.gov.br\/noticias\/wp-json\/wp\/v2\/media?parent=211445"}],"wp:term":[{"taxonomy":"category","embeddable":true,"href":"https:\/\/jundiai.sp.gov.br\/noticias\/wp-json\/wp\/v2\/categories?post=211445"},{"taxonomy":"post_tag","embeddable":true,"href":"https:\/\/jundiai.sp.gov.br\/noticias\/wp-json\/wp\/v2\/tags?post=211445"},{"taxonomy":"ods","embeddable":true,"href":"https:\/\/jundiai.sp.gov.br\/noticias\/wp-json\/wp\/v2\/ods?post=211445"}],"curies":[{"name":"wp","href":"https:\/\/api.w.org\/{rel}","templated":true}]}}