{"id":211777,"date":"2018-01-19T12:23:02","date_gmt":"2018-01-19T14:23:02","guid":{"rendered":"https:\/\/jundiai.sp.gov.br\/noticias\/?p=211777"},"modified":"2018-01-19T12:23:02","modified_gmt":"2018-01-19T14:23:02","slug":"festa-da-uva-reflete-importancia-do-agronegocio-destaca-prefeito","status":"publish","type":"post","link":"https:\/\/jundiai.sp.gov.br\/noticias\/2018\/01\/19\/festa-da-uva-reflete-importancia-do-agronegocio-destaca-prefeito\/","title":{"rendered":"Festa da Uva reflete import\u00e2ncia do agroneg\u00f3cio, destaca prefeito"},"content":{"rendered":"<p><div id=\"attachment_211779\" style=\"width: 410px\" class=\"wp-caption alignleft\"><a href=\"https:\/\/jundiai.sp.gov.br\/noticias\/wp-content\/uploads\/sites\/32\/2018\/01\/festa_da_uva-5.jpg\"><img loading=\"lazy\" decoding=\"async\" aria-describedby=\"caption-attachment-211779\" src=\"https:\/\/jundiai.sp.gov.br\/noticias\/wp-content\/uploads\/sites\/32\/2018\/01\/festa_da_uva-5.jpg\" alt=\"\" width=\"400\" height=\"350\" class=\"size-full wp-image-211779\" \/><\/a><p id=\"caption-attachment-211779\" class=\"wp-caption-text\">Diversifica\u00e7\u00e3o da economia \u00e9 o caminho para o desenvolvimento da cidade, ressaltou o prefeito<br \/><\/p><\/div><strong>Durante a abertura oficial da 35\u00aa Festa da Uva e VI Expo Vinhos de Jundia\u00ed, na noite de quinta-feira (18), o Prefeito Luiz Fernando Machado destacou a import\u00e2ncia do agroneg\u00f3cio para o desenvolvimento do Munic\u00edpio de Jundia\u00ed. \u201cAcredito que a diversifica\u00e7\u00e3o da economia seja o caminho para a oferta de empregos e o consequente crescimento da cidade. E o sucesso desta festa \u00e9 uma prova de que estamos no caminho certo, pois em nossa cidade a for\u00e7a do campo convive em harmonia com a industrializa\u00e7\u00e3o\u201d, afirmou.<\/strong><\/p>\n<p><a href=\"https:\/\/festadauva.jundiai.sp.gov.br\/\" target=\"_blank\" rel=\"noopener\">VEJA A PROGRAMA\u00c7\u00c3O COMPLETA DA FESTA<\/a><\/p>\n<p>Luiz Fernando\u00a0lembrou o sucesso da edi\u00e7\u00e3o de 2017, quando cerca de 160 mil pessoas visitaram o Parque da Uva, para lembrar que o evento \u00e9 a melhor oportunidade no ano para que os agricultores vendam sua produ\u00e7\u00e3o. \u201cNossos produtores, as entidades, as par\u00f3quias, ou seja, todos os envolvidos, merecem o grande fluxo de visitantes que vir\u00e3o \u00e0 Festa para comprar os produtos. A infraestrutura oferecida \u00e9 excelente e, por isso, parabenizo cada um que contribuiu de alguma forma para viabilizar o evento\u201d, acrescentou.<\/p>\n<p>A Festa da Uva \u00e9 promovida pelas Unidades de Gest\u00e3o de Agroneg\u00f3cio, Abastecimento e Turismo (UGAAT) e Cultura (UGC), em parceria com a Associa\u00e7\u00e3o Agr\u00edcola de Jundia\u00ed. O gestor da UGAAT, Eduardo Alvarez, lembrou que a uva Niagara \u2013 \u201ca verdadeira estrela da festa\u201d \u2013 \u00e9 um s\u00edmbolo de Jundia\u00ed reconhecido nacionalmente. \u201cLevamos o convite para v\u00e1rias autoridades e \u00e9 un\u00e2nime a identifica\u00e7\u00e3o deles com a uva como marca de Jundia\u00ed\u201d, afirmou.<\/p>\n<p>O gestor mencionou, ainda, que desde o in\u00edcio desta gest\u00e3o vem trabalhando para fomentar a moderniza\u00e7\u00e3o da produ\u00e7\u00e3o agr\u00edcola em Jundia\u00ed, a fim de elevar a competitividade e qualidade dos produtos. \u201cHoje podemos dizer que temos uma agricultura moderna, mas que respeita as suas ra\u00edzes. A inova\u00e7\u00e3o tamb\u00e9m passou a ser uma preocupa\u00e7\u00e3o do agricultor local, que est\u00e1 atento a essa necessidade\u201d, pontou Alvarez.<\/p>\n<div id=\"attachment_211781\" style=\"width: 1250px\" class=\"wp-caption aligncenter\"><a href=\"https:\/\/jundiai.sp.gov.br\/noticias\/wp-content\/uploads\/sites\/32\/2018\/01\/festa_da_uva-1.jpg\"><img loading=\"lazy\" decoding=\"async\" aria-describedby=\"caption-attachment-211781\" src=\"https:\/\/jundiai.sp.gov.br\/noticias\/wp-content\/uploads\/sites\/32\/2018\/01\/festa_da_uva-1.jpg\" alt=\"\" width=\"1240\" height=\"786\" class=\"size-full wp-image-211781\" srcset=\"https:\/\/jundiai.sp.gov.br\/noticias\/wp-content\/uploads\/sites\/32\/2018\/01\/festa_da_uva-1.jpg 1240w, https:\/\/jundiai.sp.gov.br\/noticias\/wp-content\/uploads\/sites\/32\/2018\/01\/festa_da_uva-1-300x190.jpg 300w, https:\/\/jundiai.sp.gov.br\/noticias\/wp-content\/uploads\/sites\/32\/2018\/01\/festa_da_uva-1-768x487.jpg 768w, https:\/\/jundiai.sp.gov.br\/noticias\/wp-content\/uploads\/sites\/32\/2018\/01\/festa_da_uva-1-1160x735.jpg 1160w\" sizes=\"auto, (max-width: 1240px) 100vw, 1240px\" \/><\/a><p id=\"caption-attachment-211781\" class=\"wp-caption-text\">Centenas de pessoas acompanharam a abertura oficial do evento no Parque da Uva<br \/><\/p><\/div>\n<p>J\u00e1 Marcelo Peroni, gestor de Cultura, ressaltou o resgate hist\u00f3rico promovido este ano e a valoriza\u00e7\u00e3o de artistas locais na programa\u00e7\u00e3o. \u201cTemos aqui hoje v\u00e1rias ex-rainhas e ex-princesas que est\u00e3o sendo homenageadas. Nos tr\u00eas finais de semana, ser\u00e3o 100 atra\u00e7\u00f5es e mais de 700 artistas jundiaienses participando. A festa valoriza um produto da nossa terra e nada mais justo que a comunidade art\u00edstica jundiaiense tamb\u00e9m seja reconhecida\u201d, destacou.<\/p>\n<p>Ap\u00f3s a cerim\u00f4nia de abertura, foi realizada a primeira Pisa da Uva deste ano, com a participa\u00e7\u00e3o de autoridades e da Corte da Uva. Tamb\u00e9m participaram da cerim\u00f4nia outros gestores da Prefeitura de Jundia\u00ed, a presidente do Fundo Social de Solidariedade, Vanessa Machado, o vice-prefeito Dr. Pacheco, o presidente da C\u00e2mara, Gustavo Martinelli, e o deputado federal, Miguel Haddad. A noite contou, ainda, com a participa\u00e7\u00e3o especial de Pomp\u00e9ia Fabr\u00edcio, que foi a primeira Rainha da Uva de Jundia\u00ed, em 1947.<\/p>\n<p>O evento segue at\u00e9 04 de fevereiro, com atra\u00e7\u00f5es \u00e0s sextas-feiras, das 18h \u00e0s 22h; aos s\u00e1bados, das 10h \u00e0s 22h; e aos domingos, das 10h \u00e0s 20h. A entrada \u00e9 gratuita, com a\u00e7\u00e3o solid\u00e1ria para doa\u00e7\u00e3o de 1 quilo de alimento n\u00e3o perec\u00edvel destinado ao Fundo Social de Solidariedade (Funss). Mais informa\u00e7\u00f5es no site\u00a0<a href=\"https:\/\/festadauva.jundiai.sp.gov.br\/\">https:\/\/festadauva.jundiai.sp.gov.br\/<\/a>.<\/p>\n<p><em><strong>Assessoria de Imprensa<br \/>\n<\/strong><\/em><em><strong>Fotos: Fot\u00f3grafos PMJ<\/strong><\/em><\/p>\n","protected":false},"excerpt":{"rendered":"<p>Na abertura oficial do evento, centenas de pessoas puderam conferir solenidade e a tradicional Pisa da Uva<\/p>\n","protected":false},"author":30,"featured_media":211783,"comment_status":"closed","ping_status":"closed","sticky":false,"template":"","format":"standard","meta":{"footnotes":""},"categories":[2],"tags":[1055,974,29,416],"ods":[],"class_list":["post-211777","post","type-post","status-publish","format-standard","has-post-thumbnail","hentry","category-noticias","tag-35a-festa-da-uva-e-6a-expo-vinhos","tag-agronegocio-abastecimento-e-turismo","tag-cultura","tag-fundo-social-de-solidariedade-funss"],"_links":{"self":[{"href":"https:\/\/jundiai.sp.gov.br\/noticias\/wp-json\/wp\/v2\/posts\/211777","targetHints":{"allow":["GET"]}}],"collection":[{"href":"https:\/\/jundiai.sp.gov.br\/noticias\/wp-json\/wp\/v2\/posts"}],"about":[{"href":"https:\/\/jundiai.sp.gov.br\/noticias\/wp-json\/wp\/v2\/types\/post"}],"author":[{"embeddable":true,"href":"https:\/\/jundiai.sp.gov.br\/noticias\/wp-json\/wp\/v2\/users\/30"}],"replies":[{"embeddable":true,"href":"https:\/\/jundiai.sp.gov.br\/noticias\/wp-json\/wp\/v2\/comments?post=211777"}],"version-history":[{"count":4,"href":"https:\/\/jundiai.sp.gov.br\/noticias\/wp-json\/wp\/v2\/posts\/211777\/revisions"}],"predecessor-version":[{"id":211784,"href":"https:\/\/jundiai.sp.gov.br\/noticias\/wp-json\/wp\/v2\/posts\/211777\/revisions\/211784"}],"wp:featuredmedia":[{"embeddable":true,"href":"https:\/\/jundiai.sp.gov.br\/noticias\/wp-json\/wp\/v2\/media\/211783"}],"wp:attachment":[{"href":"https:\/\/jundiai.sp.gov.br\/noticias\/wp-json\/wp\/v2\/media?parent=211777"}],"wp:term":[{"taxonomy":"category","embeddable":true,"href":"https:\/\/jundiai.sp.gov.br\/noticias\/wp-json\/wp\/v2\/categories?post=211777"},{"taxonomy":"post_tag","embeddable":true,"href":"https:\/\/jundiai.sp.gov.br\/noticias\/wp-json\/wp\/v2\/tags?post=211777"},{"taxonomy":"ods","embeddable":true,"href":"https:\/\/jundiai.sp.gov.br\/noticias\/wp-json\/wp\/v2\/ods?post=211777"}],"curies":[{"name":"wp","href":"https:\/\/api.w.org\/{rel}","templated":true}]}}