{"id":211932,"date":"2018-01-23T17:19:25","date_gmt":"2018-01-23T19:19:25","guid":{"rendered":"https:\/\/jundiai.sp.gov.br\/noticias\/?p=211932"},"modified":"2018-01-29T21:01:18","modified_gmt":"2018-01-29T23:01:18","slug":"funss-convenio-permitira-descentralizacao-de-cursos-gratuitos","status":"publish","type":"post","link":"https:\/\/jundiai.sp.gov.br\/noticias\/2018\/01\/23\/funss-convenio-permitira-descentralizacao-de-cursos-gratuitos\/","title":{"rendered":"Funss: conv\u00eanio permitir\u00e1 descentraliza\u00e7\u00e3o de cursos gratuitos"},"content":{"rendered":"<div id=\"attachment_211934\" style=\"width: 410px\" class=\"wp-caption alignleft\"><a href=\"https:\/\/jundiai.sp.gov.br\/noticias\/wp-content\/uploads\/sites\/32\/2018\/01\/funss_senac.jpg\"><img loading=\"lazy\" decoding=\"async\" aria-describedby=\"caption-attachment-211934\" class=\"size-full wp-image-211934\" src=\"https:\/\/jundiai.sp.gov.br\/noticias\/wp-content\/uploads\/sites\/32\/2018\/01\/funss_senac.jpg\" alt=\"\" width=\"400\" height=\"350\" \/><\/a><p id=\"caption-attachment-211934\" class=\"wp-caption-text\">Conv\u00eanio permitir\u00e1 a descentraliza\u00e7\u00e3o de cursos de qualifica\u00e7\u00e3o<\/p><\/div>\n<p><strong>Um conv\u00eanio estabelecido entre a Prefeitura de Jundia\u00ed, por meio do Fundo Social de Solidariedade (Funss), e o Senac Jundia\u00ed permitir\u00e1 a descentraliza\u00e7\u00e3o de cursos gratuitos de qualifica\u00e7\u00e3o profissional aos bairros do munic\u00edpio. A iniciativa atender\u00e1 a uma demanda da popula\u00e7\u00e3o que reside em bairros mais afastados da regi\u00e3o central, proporcionando maior acesso \u00e0s capacita\u00e7\u00f5es.<\/strong><\/p>\n<p>De acordo com a presidente do Funss,\u00a0Vanessa Machado, o objetivo da unidade vai al\u00e9m do assistencialismo, visando, principalmente, o empoderamento familiar: \u201cQueremos oferecer condi\u00e7\u00f5es para as pessoas transformarem as pr\u00f3prias vidas e a qualifica\u00e7\u00e3o profissional \u00e9 essencial para este fortalecimento\u201d. \u201cCostumo dizer que o emprego \u00e9 a melhor maneira de distribui\u00e7\u00e3o de renda e, para isso, estar preparado para as oportunidades \u00e9 fundamental. Estou muito feliz com esta parceria que, certamente, trar\u00e1 muitos frutos para a nossa cidade\u201d, concluiu o prefeito Luiz Fernando Machado.<\/p>\n<p><strong>LEIA TAMB\u00c9M<\/strong><br \/>\n<a href=\"https:\/\/jundiai.sp.gov.br\/noticias\/2018\/01\/22\/festa-da-uva-primeiro-final-de-semana-arrecada-quase-1-tonelada-de-alimentos\/\">Festa da Uva: fim de semana arrecada quase 1 tonelada de alimentos<\/a><\/p>\n<p>Em 2017, o Fundo Social de Solidariedade de Jundia\u00ed disponibilizou 2.106 vagas em mais de 50 modalidades de cursos. Destes, somente dois foram realizados fora da sede do Funss: Pintura em Tela, no Jundia\u00ed-Mirim, e Artesanato, na Vila Hortol\u00e2ndia. Com esta parceria, as capacita\u00e7\u00f5es tamb\u00e9m chegar\u00e3o at\u00e9 outras regi\u00f5es da cidade.<\/p>\n<p>Segundo\u00a0o gerente do Senac Jundia\u00ed, Mauro de Nardi Costa, ser\u00e3o 360 vagas em 14 cursos. Entre as modalidades est\u00e3o Gastronomia, com aulas de Doceiro, Auxiliar de Cozinha, Salgadeiro e Pizzaiolo; Beleza, com turmas de Manicure e Pedicure; Artesanato, com Confeccionador de Bijuterias; Hospitalidade, com capacita\u00e7\u00f5es para Gar\u00e7om e Camareira e Hospedagem; e Servi\u00e7os, como Cuidador de Idosos, Agente de Limpeza e Conserva\u00e7\u00e3o e Organizador de Eventos. O cronograma dos cursos de qualifica\u00e7\u00e3o e os locais ser\u00e3o divulgados em breve.<\/p>\n<p><strong><em>Assessoria de Imprensa<br \/>\n<\/em><\/strong><strong><em>Foto: Fot\u00f3grafos PMJ<\/em><\/strong><\/p>\n","protected":false},"excerpt":{"rendered":"<p>Iniciativa atender\u00e1 demanda da popula\u00e7\u00e3o que reside em bairros mais afastados do centro, proporcionando maior acesso \u00e0s capacita\u00e7\u00f5es<\/p>\n","protected":false},"author":30,"featured_media":211937,"comment_status":"closed","ping_status":"closed","sticky":false,"template":"","format":"standard","meta":{"footnotes":""},"categories":[2],"tags":[1039,416],"ods":[],"class_list":["post-211932","post","type-post","status-publish","format-standard","has-post-thumbnail","hentry","category-noticias","tag-cursos-funss","tag-fundo-social-de-solidariedade-funss"],"_links":{"self":[{"href":"https:\/\/jundiai.sp.gov.br\/noticias\/wp-json\/wp\/v2\/posts\/211932","targetHints":{"allow":["GET"]}}],"collection":[{"href":"https:\/\/jundiai.sp.gov.br\/noticias\/wp-json\/wp\/v2\/posts"}],"about":[{"href":"https:\/\/jundiai.sp.gov.br\/noticias\/wp-json\/wp\/v2\/types\/post"}],"author":[{"embeddable":true,"href":"https:\/\/jundiai.sp.gov.br\/noticias\/wp-json\/wp\/v2\/users\/30"}],"replies":[{"embeddable":true,"href":"https:\/\/jundiai.sp.gov.br\/noticias\/wp-json\/wp\/v2\/comments?post=211932"}],"version-history":[{"count":8,"href":"https:\/\/jundiai.sp.gov.br\/noticias\/wp-json\/wp\/v2\/posts\/211932\/revisions"}],"predecessor-version":[{"id":212177,"href":"https:\/\/jundiai.sp.gov.br\/noticias\/wp-json\/wp\/v2\/posts\/211932\/revisions\/212177"}],"wp:featuredmedia":[{"embeddable":true,"href":"https:\/\/jundiai.sp.gov.br\/noticias\/wp-json\/wp\/v2\/media\/211937"}],"wp:attachment":[{"href":"https:\/\/jundiai.sp.gov.br\/noticias\/wp-json\/wp\/v2\/media?parent=211932"}],"wp:term":[{"taxonomy":"category","embeddable":true,"href":"https:\/\/jundiai.sp.gov.br\/noticias\/wp-json\/wp\/v2\/categories?post=211932"},{"taxonomy":"post_tag","embeddable":true,"href":"https:\/\/jundiai.sp.gov.br\/noticias\/wp-json\/wp\/v2\/tags?post=211932"},{"taxonomy":"ods","embeddable":true,"href":"https:\/\/jundiai.sp.gov.br\/noticias\/wp-json\/wp\/v2\/ods?post=211932"}],"curies":[{"name":"wp","href":"https:\/\/api.w.org\/{rel}","templated":true}]}}