{"id":212541,"date":"2018-02-06T16:26:17","date_gmt":"2018-02-06T18:26:17","guid":{"rendered":"https:\/\/jundiai.sp.gov.br\/noticias\/?p=212541"},"modified":"2018-02-06T16:48:32","modified_gmt":"2018-02-06T18:48:32","slug":"com-empresarios-prefeito-reitera-otimismo-em-relacao-a-investimentos","status":"publish","type":"post","link":"https:\/\/jundiai.sp.gov.br\/noticias\/2018\/02\/06\/com-empresarios-prefeito-reitera-otimismo-em-relacao-a-investimentos\/","title":{"rendered":"Com empres\u00e1rios, Prefeito reitera otimismo em rela\u00e7\u00e3o a investimentos"},"content":{"rendered":"<p><iframe loading=\"lazy\" class=alignleft width=\"400\" height=\"315\" src=\"https:\/\/www.youtube.com\/embed\/JS1bDjrEpxY\" frameborder=\"0\" allow=\"autoplay; encrypted-media\" allowfullscreen><\/iframe><strong>Durante uma visita ao condom\u00ednio Thera Park nesta ter\u00e7a-feira (06), onde conversou com representantes de quatro empresas instaladas no local, o prefeito Luiz Fernando reiterou o seu otimismo com a retomada dos investimentos produtivos no Munic\u00edpio. \u201cNotamos uma clara recupera\u00e7\u00e3o da economia em todo o Pa\u00eds e isso tem reflexos aqui em Jundia\u00ed tamb\u00e9m. Eu vejo um horizonte muito positivo para a cidade, com gera\u00e7\u00e3o de novos postos de trabalho e de renda para a popula\u00e7\u00e3o\u201d, afirmou.<\/strong><\/p>\n<p>Luiz Fernando destacou que esta gest\u00e3o reconhece a import\u00e2ncia da iniciativa privada no processo de desenvolvimento do Munic\u00edpio. Ele disse tamb\u00e9m que a Prefeitura trabalha para reduzir a burocracia e facilitar a instala\u00e7\u00e3o de novas empresas na cidade. \u201cTemos ci\u00eancia de algumas fragilidades existentes e minimizar os reflexos negativos para os empreendedores \u00e9 uma meta priorit\u00e1ria da Prefeitura\u201d, acrescentou.<\/p>\n<p><strong>LEIA TAMB\u00c9M<\/strong><br \/>\n<a href=\"https:\/\/jundiai.sp.gov.br\/noticias\/2018\/02\/01\/empresa-de-botoes-planeja-ampliar-fabrica-em-jundiai\/\">Empresa de bot\u00f5es planeja ampliar f\u00e1brica em Jundia\u00ed<\/a><\/p>\n<div id=\"attachment_212542\" style=\"width: 410px\" class=\"wp-caption alignright\"><a href=\"https:\/\/jundiai.sp.gov.br\/noticias\/wp-content\/uploads\/sites\/32\/2018\/02\/prefeito-visita-condominio-empresas-thera-park_c_-23-1.jpg\"><img loading=\"lazy\" decoding=\"async\" aria-describedby=\"caption-attachment-212542\" class=\"wp-image-212542 size-full\" src=\"https:\/\/jundiai.sp.gov.br\/noticias\/wp-content\/uploads\/sites\/32\/2018\/02\/prefeito-visita-condominio-empresas-thera-park_c_-23-1.jpg\" alt=\"\" width=\"400\" height=\"350\" \/><\/a><p id=\"caption-attachment-212542\" class=\"wp-caption-text\">Prefeito refor\u00e7ou otimismo com a retomada do crescimento da economia<\/p><\/div>\n<p>O chefe do Executivo tamb\u00e9m comentou sobre os projetos que foram inclu\u00eddos no Plano Plurianual 2018-2021 que t\u00eam efeito positivo direto no Vetor Oeste, como, por exemplo, a constru\u00e7\u00e3o de uma nova represa. \u201cA nossa capacidade de abastecimento \u00e9 um dos grandes diferenciais de Jundia\u00ed e queremos que continue sendo assim no futuro\u201d, pontuou.<\/p>\n<p>O Prefeito esteve acompanhado da primeira-dama e presidente do Fundo Social de Solidariedade, Vanessa Machado, do gestor Messias Mercadante (UGDECT), diretores Gilson Pichioli (Fomento \u00e0 Ind\u00fastria) e C\u00e9lia Castro (Funss), al\u00e9m do assessor de Coopera\u00e7\u00e3o Internacional, Carmelo Paoletti Neto. Participaram do encontro representantes das empresas Coesia, West Wing, Inhance e do pr\u00f3prio Thera Park.<\/p>\n<p><em><strong>Assessoria de Imprensa<br \/>\n<\/strong><\/em><em><strong>Foto: Fot\u00f3grafos PMJ<\/strong><\/em><\/p>\n","protected":false},"excerpt":{"rendered":"<p>Em visita ao condom\u00ednio Thera Park nesta ter\u00e7a (06), o chefe do executivo conversou com representantes de quatro empresas instaladas no local<\/p>\n","protected":false},"author":30,"featured_media":212544,"comment_status":"closed","ping_status":"closed","sticky":false,"template":"","format":"standard","meta":{"footnotes":""},"categories":[2],"tags":[365,58],"ods":[],"class_list":["post-212541","post","type-post","status-publish","format-standard","has-post-thumbnail","hentry","category-noticias","tag-desenvolvimento-economico-ciencia-e-tecnologia","tag-prefeito"],"_links":{"self":[{"href":"https:\/\/jundiai.sp.gov.br\/noticias\/wp-json\/wp\/v2\/posts\/212541","targetHints":{"allow":["GET"]}}],"collection":[{"href":"https:\/\/jundiai.sp.gov.br\/noticias\/wp-json\/wp\/v2\/posts"}],"about":[{"href":"https:\/\/jundiai.sp.gov.br\/noticias\/wp-json\/wp\/v2\/types\/post"}],"author":[{"embeddable":true,"href":"https:\/\/jundiai.sp.gov.br\/noticias\/wp-json\/wp\/v2\/users\/30"}],"replies":[{"embeddable":true,"href":"https:\/\/jundiai.sp.gov.br\/noticias\/wp-json\/wp\/v2\/comments?post=212541"}],"version-history":[{"count":6,"href":"https:\/\/jundiai.sp.gov.br\/noticias\/wp-json\/wp\/v2\/posts\/212541\/revisions"}],"predecessor-version":[{"id":212549,"href":"https:\/\/jundiai.sp.gov.br\/noticias\/wp-json\/wp\/v2\/posts\/212541\/revisions\/212549"}],"wp:featuredmedia":[{"embeddable":true,"href":"https:\/\/jundiai.sp.gov.br\/noticias\/wp-json\/wp\/v2\/media\/212544"}],"wp:attachment":[{"href":"https:\/\/jundiai.sp.gov.br\/noticias\/wp-json\/wp\/v2\/media?parent=212541"}],"wp:term":[{"taxonomy":"category","embeddable":true,"href":"https:\/\/jundiai.sp.gov.br\/noticias\/wp-json\/wp\/v2\/categories?post=212541"},{"taxonomy":"post_tag","embeddable":true,"href":"https:\/\/jundiai.sp.gov.br\/noticias\/wp-json\/wp\/v2\/tags?post=212541"},{"taxonomy":"ods","embeddable":true,"href":"https:\/\/jundiai.sp.gov.br\/noticias\/wp-json\/wp\/v2\/ods?post=212541"}],"curies":[{"name":"wp","href":"https:\/\/api.w.org\/{rel}","templated":true}]}}