{"id":212873,"date":"2018-02-15T16:41:55","date_gmt":"2018-02-15T18:41:55","guid":{"rendered":"https:\/\/jundiai.sp.gov.br\/noticias\/?p=212873"},"modified":"2018-02-15T16:41:55","modified_gmt":"2018-02-15T18:41:55","slug":"debea-aumenta-oferta-de-atendimento-veterinario-em-10","status":"publish","type":"post","link":"https:\/\/jundiai.sp.gov.br\/noticias\/2018\/02\/15\/debea-aumenta-oferta-de-atendimento-veterinario-em-10\/","title":{"rendered":"Debea aumenta oferta de atendimento veterin\u00e1rio em 10%"},"content":{"rendered":"<p><div id=\"attachment_212875\" style=\"width: 410px\" class=\"wp-caption alignleft\"><a href=\"https:\/\/jundiai.sp.gov.br\/noticias\/wp-content\/uploads\/sites\/32\/2018\/02\/debea-9.jpg\"><img loading=\"lazy\" decoding=\"async\" aria-describedby=\"caption-attachment-212875\" class=\"size-full wp-image-212875\" src=\"https:\/\/jundiai.sp.gov.br\/noticias\/wp-content\/uploads\/sites\/32\/2018\/02\/debea-9.jpg\" alt=\"\" width=\"400\" height=\"350\" \/><\/a><p id=\"caption-attachment-212875\" class=\"wp-caption-text\">Atendimento veterin\u00e1rio no DEBEA \u00e9 realizado para c\u00e3es e gatos de mun\u00edcipes cadastrados<\/p><\/div><strong>O Departamento de Bem Estar Animal (Debea) ligado \u00e0 Unidade de Gest\u00e3o de Planejamento e Meio Ambiente (UGPUMA) realizou, no ano passado, 10% a mais de atendimentos veterin\u00e1rios em rela\u00e7\u00e3o ao praticado no ano anterior. Com 1,6 mil animais examinados e tratados, o trabalho \u00e9 elogiado pelos propriet\u00e1rios de animais de estima\u00e7\u00e3o que buscam pelas consultas gratuitas.<\/strong><\/p>\n<p>Neguinho \u00e9 um cachorro de porte grande, com 10 anos de idade, sete deles vividos com Tiago Luiz Vitorino. O c\u00e3o j\u00e1 passa por atendimento no Debea h\u00e1 tempos. \u201cO primeiro atendimento aqui foi quando eu adotei o Neguinho. Ele vivia pela rua. Um dia, ele apareceu com uma facada no peito. Trouxe aqui, passou pelo atendimento, recebeu curativo e hoje \u00e9 esse garot\u00e3o, meu companheiro\u201d, conta o propriet\u00e1rio, que na manh\u00e3 de quinta-feira (15) havia levado o animal de estima\u00e7\u00e3o para verificar um problema existente na orelha esquerda do c\u00e3o. Neguinho tamb\u00e9m foi castrado no \u00f3rg\u00e3o municipal.<\/p>\n<p><strong>LEIA TAMB\u00c9M<\/strong><br \/>\n<a href=\"https:\/\/jundiai.sp.gov.br\/noticias\/2018\/01\/31\/debea-amplia-atendimento-e-melhora-estrutura-para-caes-e-gatos\/\">Debea amplia atendimento e melhora estrutura para c\u00e3es e gatos<\/a><\/p>\n<p>\u201cAqui o tratamento \u00e9 muito bom. O pessoal t\u00e9cnico tem todo o cuidado e carinho com os nossos animais. Tenho mais dois cachorros. Um deles que foi adotado pelo Debea. Se um dia precisar de atendimento veterin\u00e1rio, ser\u00e1 aqui que virei buscar\u201d, conta.<\/p>\n<p>O propriet\u00e1rio do Neguinho \u00e9 apenas um dos 1,6 mil mun\u00edcipes que tiveram os animais atendidos pelo Debea no ano passado. O volume \u00e9 10% maior que o praticado em 2016. Al\u00e9m das consultas,\u00a02.042 exames foram realizados nos animais. \u201cO atendimento, conforme Decreto 25.639\/2015, \u00e9 realizado diariamente, com distribui\u00e7\u00e3o de 10 senhas, por dia, para animais de mun\u00edcipes cadastrados. Esse cadastro \u00e9 feito a partir da apresenta\u00e7\u00e3o de documentos de identifica\u00e7\u00e3o do propriet\u00e1rio do animal, comprovante de resid\u00eancia e comprovante de renda, limitado a at\u00e9 dois sal\u00e1rios m\u00ednimos\u201d, detalha a diretora do Debea, Alessandra Benedetti Ferreira.\u00a0 O atendimento tamb\u00e9m \u00e9 prestado para Organiza\u00e7\u00f5es N\u00e3o Governamentais e protetores de animais. Ambos tamb\u00e9m precisam de cadastro.<\/p>\n<p><strong>Servi\u00e7os<br \/>\n<\/strong>Al\u00e9m do atendimento veterin\u00e1rio e exames, o Debea tamb\u00e9m realiza castra\u00e7\u00f5es de c\u00e3es e gatos, a partir da solicita\u00e7\u00e3o realizada pelo 156. A a meta neste ano \u00e9 ampliar, no m\u00ednimo em 33% o n\u00famero de castra\u00e7\u00f5es. Ainda \u00e9 realizado\u00a0trabalho de educa\u00e7\u00e3o sobre guarda respons\u00e1vel desenvolvido em multiplataforma (UGPUMA e a Unidade de Gest\u00e3o de Educa\u00e7\u00e3o), nas escolas municipais desde o ano passado, o projeto compreende tr\u00eas aulas educativas \u2013 promovidas por uma educadora concursada da administra\u00e7\u00e3o p\u00fablica, volunt\u00e1rio protetor de animais silvestres e uma veterin\u00e1ria \u2013, com dura\u00e7\u00e3o de 60 minutos cada. Somente no ano passado foram realizadas atividades em oito unidades escolares, com mais de 1,1 mil alunos atendidos.<\/p>\n<p>O Debea passa por reforma do espa\u00e7o para melhoria na qualidade das instala\u00e7\u00f5es para atender c\u00e3es e gatos, incluindo a adequa\u00e7\u00e3o do centro cir\u00fargico do pr\u00e9dio.<\/p>\n<p><em><strong>Assessoria de Imprensa<br \/>\n<\/strong><\/em><em><strong>Foto: Fot\u00f3grafos PMJ<\/strong><\/em><\/p>\n","protected":false},"excerpt":{"rendered":"<p>Com 1,6 mil animais examinados e tratados, o trabalho \u00e9 elogiado pelos propriet\u00e1rios de animais que buscam pelas consultas gratuitas<\/p>\n","protected":false},"author":30,"featured_media":212878,"comment_status":"closed","ping_status":"closed","sticky":false,"template":"","format":"standard","meta":{"footnotes":""},"categories":[2],"tags":[1022,984],"ods":[],"class_list":["post-212873","post","type-post","status-publish","format-standard","has-post-thumbnail","hentry","category-noticias","tag-departamento-do-bem-estar-animal-debea","tag-planejamento-urbano-e-meio-ambiente"],"_links":{"self":[{"href":"https:\/\/jundiai.sp.gov.br\/noticias\/wp-json\/wp\/v2\/posts\/212873","targetHints":{"allow":["GET"]}}],"collection":[{"href":"https:\/\/jundiai.sp.gov.br\/noticias\/wp-json\/wp\/v2\/posts"}],"about":[{"href":"https:\/\/jundiai.sp.gov.br\/noticias\/wp-json\/wp\/v2\/types\/post"}],"author":[{"embeddable":true,"href":"https:\/\/jundiai.sp.gov.br\/noticias\/wp-json\/wp\/v2\/users\/30"}],"replies":[{"embeddable":true,"href":"https:\/\/jundiai.sp.gov.br\/noticias\/wp-json\/wp\/v2\/comments?post=212873"}],"version-history":[{"count":5,"href":"https:\/\/jundiai.sp.gov.br\/noticias\/wp-json\/wp\/v2\/posts\/212873\/revisions"}],"predecessor-version":[{"id":212880,"href":"https:\/\/jundiai.sp.gov.br\/noticias\/wp-json\/wp\/v2\/posts\/212873\/revisions\/212880"}],"wp:featuredmedia":[{"embeddable":true,"href":"https:\/\/jundiai.sp.gov.br\/noticias\/wp-json\/wp\/v2\/media\/212878"}],"wp:attachment":[{"href":"https:\/\/jundiai.sp.gov.br\/noticias\/wp-json\/wp\/v2\/media?parent=212873"}],"wp:term":[{"taxonomy":"category","embeddable":true,"href":"https:\/\/jundiai.sp.gov.br\/noticias\/wp-json\/wp\/v2\/categories?post=212873"},{"taxonomy":"post_tag","embeddable":true,"href":"https:\/\/jundiai.sp.gov.br\/noticias\/wp-json\/wp\/v2\/tags?post=212873"},{"taxonomy":"ods","embeddable":true,"href":"https:\/\/jundiai.sp.gov.br\/noticias\/wp-json\/wp\/v2\/ods?post=212873"}],"curies":[{"name":"wp","href":"https:\/\/api.w.org\/{rel}","templated":true}]}}