{"id":212896,"date":"2018-02-15T18:19:08","date_gmt":"2018-02-15T20:19:08","guid":{"rendered":"https:\/\/jundiai.sp.gov.br\/noticias\/?p=212896"},"modified":"2018-02-15T18:19:23","modified_gmt":"2018-02-15T20:19:23","slug":"atleta-do-peama-se-classifica-para-jogos-paralimpicos-de-inverno","status":"publish","type":"post","link":"https:\/\/jundiai.sp.gov.br\/noticias\/2018\/02\/15\/atleta-do-peama-se-classifica-para-jogos-paralimpicos-de-inverno\/","title":{"rendered":"Atleta do Peama se classifica para Jogos Paral\u00edmpicos de Inverno"},"content":{"rendered":"<p><div id=\"attachment_212897\" style=\"width: 410px\" class=\"wp-caption alignright\"><a href=\"https:\/\/jundiai.sp.gov.br\/noticias\/wp-content\/uploads\/sites\/32\/2018\/02\/gabinete-17.jpg\"><img loading=\"lazy\" decoding=\"async\" aria-describedby=\"caption-attachment-212897\" class=\"size-full wp-image-212897\" src=\"https:\/\/jundiai.sp.gov.br\/noticias\/wp-content\/uploads\/sites\/32\/2018\/02\/gabinete-17.jpg\" alt=\"\" width=\"400\" height=\"350\" \/><\/a><p id=\"caption-attachment-212897\" class=\"wp-caption-text\">Cristian Ribera visitou o prefeito Luiz Fernando Machado, na manh\u00e3 de quinta-feira, para conversar sobre a import\u00e2ncia do esporte<\/p><\/div><strong>O atleta do Programa de Esportes e Atividades Motoras Adaptadas (Peama), da Unidade de Gest\u00e3o de Esporte e Lazer (UGEL), Cristian Ribera se classificou para os Jogos Paral\u00edmpicos de Inverno, que acontecer\u00e3o em mar\u00e7o, em Pyeongchang, na Coreia do Sul, na modalidade Ski Cross Country. Em visita ao prefeito de Jundia\u00ed, Luiz Fernando Machado, na manh\u00e3 de quinta-feira (15), o adolescente ressalta a import\u00e2ncia do esporte como ferramenta de inclus\u00e3o de profissionaliza\u00e7\u00e3o.<\/strong><\/p>\n<p>Ele foi o \u00fanico da equipe jundiaiense que conseguiu \u00edndices para garantir uma vaga na competi\u00e7\u00e3o. \u201cOs atletas que s\u00e3o de pa\u00edses com neve, ficam assustados com os nossos resultados. Eles perguntam: no Brasil n\u00e3o tem neve, como \u00e9 que voc\u00eas treinam? Minha inten\u00e7\u00e3o \u00e9 seguir carreira como profissional do esporte. S\u00e3o oportunidades importantes, que come\u00e7aram com a minha inclus\u00e3o no Peama, ainda crian\u00e7a\u201d, conta o atleta, que conheceu a modalidade numa viv\u00eancia esportiva oferecida pela\u00a0Confedera\u00e7\u00e3o Brasileira de Desportos na Neve (CBDN), aos assistidos do Peama.\u00a0A conquista da vaga aconteceu na Finl\u00e2ndia, ap\u00f3s tr\u00eas etapas da World Cup de Ski Crosss Country.<\/p>\n<p><strong>LEIA TAMB\u00c9M<\/strong><br \/>\n<a href=\"https:\/\/jundiai.sp.gov.br\/noticias\/2018\/02\/15\/ugel-e-socesp-estudam-parceria-para-corrida-do-coracao\/\">UGEL e Socesp estudam parceria para Corrida do Cora\u00e7\u00e3o<\/a><\/p>\n<p>\u201c\u00c9 muito gratificante acompanhar o sucesso dos nossos atletas que iniciaram no Peama e hoje representam o Brasil numa modalidade pouco conhecida. \u00c9 o est\u00edmulo que o esporte proporciona \u00e0s pessoas, com a valoriza\u00e7\u00e3o e inclus\u00e3o de todos\u201d, ressalta o prefeito Luiz Fernando Machado, que fez quest\u00e3o de saber detalhes sobre a competi\u00e7\u00e3o al\u00e9m de conferir os v\u00eddeos do atleta na Europa.<\/p>\n<p>\u201cFoi um grande feito para os atletas. A pr\u00f3pria CBDN esperava que os resultados fossem alcan\u00e7ados apenas para os pr\u00f3ximos Jogos. O empenho dos atletas foi fundamental, aliado \u00e0 oferta de treinamento da Confedera\u00e7\u00e3o\u201d, salienta o diretor do Departamento de Esportes Adaptados, C\u00e9sar Munir.<\/p>\n<p>Para o gestor da UGEL, Luiz Trientini, a inclus\u00e3o da sociedade \u00e0 pr\u00e1tica esportiva vai al\u00e9m de apenas competi\u00e7\u00f5es. \u201cPoucas cidades t\u00eam o trabalho consolidado que o Peama oferece para Jundia\u00ed, sendo uma refer\u00eancia at\u00e9 para confedera\u00e7\u00f5es. \u00c9 o resultado de muito trabalho e dedica\u00e7\u00e3o para a valoriza\u00e7\u00e3o das pessoas\u201d, analisa.<\/p>\n<p>O outro atleta do Peama de Jundia\u00ed,\u00a0<strong>\u00a0<\/strong>Thomaz Moraes, n\u00e3o conseguiu a vaga.<\/p>\n<p><em><strong>Assessoria de Imprensa<\/strong><\/em><br \/>\n<em><strong>Foto: Fot\u00f3grafo PMJ<\/strong><\/em><\/p>\n","protected":false},"excerpt":{"rendered":"<p>O atleta do Programa de Esportes e Atividades Motoras Adaptadas (Peama), da Unidade de Gest\u00e3o de Esporte e Lazer (UGEL), Cristian Ribera se classificou para os Jogos Paral\u00edmpicos de Inverno, que acontecer\u00e3o em mar\u00e7o, em Pyeongchang, na Coreia do Sul, na modalidade Ski Cross Country. Em visita ao prefeito de Jundia\u00ed, Luiz Fernando Machado, na [&hellip;]<\/p>\n","protected":false},"author":30,"featured_media":0,"comment_status":"closed","ping_status":"closed","sticky":false,"template":"","format":"standard","meta":{"footnotes":""},"categories":[2],"tags":[96],"ods":[],"class_list":["post-212896","post","type-post","status-publish","format-standard","hentry","category-noticias","tag-programa-de-esportes-e-atividades-motoras-adaptadas-peama"],"_links":{"self":[{"href":"https:\/\/jundiai.sp.gov.br\/noticias\/wp-json\/wp\/v2\/posts\/212896","targetHints":{"allow":["GET"]}}],"collection":[{"href":"https:\/\/jundiai.sp.gov.br\/noticias\/wp-json\/wp\/v2\/posts"}],"about":[{"href":"https:\/\/jundiai.sp.gov.br\/noticias\/wp-json\/wp\/v2\/types\/post"}],"author":[{"embeddable":true,"href":"https:\/\/jundiai.sp.gov.br\/noticias\/wp-json\/wp\/v2\/users\/30"}],"replies":[{"embeddable":true,"href":"https:\/\/jundiai.sp.gov.br\/noticias\/wp-json\/wp\/v2\/comments?post=212896"}],"version-history":[{"count":3,"href":"https:\/\/jundiai.sp.gov.br\/noticias\/wp-json\/wp\/v2\/posts\/212896\/revisions"}],"predecessor-version":[{"id":212900,"href":"https:\/\/jundiai.sp.gov.br\/noticias\/wp-json\/wp\/v2\/posts\/212896\/revisions\/212900"}],"wp:attachment":[{"href":"https:\/\/jundiai.sp.gov.br\/noticias\/wp-json\/wp\/v2\/media?parent=212896"}],"wp:term":[{"taxonomy":"category","embeddable":true,"href":"https:\/\/jundiai.sp.gov.br\/noticias\/wp-json\/wp\/v2\/categories?post=212896"},{"taxonomy":"post_tag","embeddable":true,"href":"https:\/\/jundiai.sp.gov.br\/noticias\/wp-json\/wp\/v2\/tags?post=212896"},{"taxonomy":"ods","embeddable":true,"href":"https:\/\/jundiai.sp.gov.br\/noticias\/wp-json\/wp\/v2\/ods?post=212896"}],"curies":[{"name":"wp","href":"https:\/\/api.w.org\/{rel}","templated":true}]}}