{"id":213015,"date":"2018-02-19T18:13:07","date_gmt":"2018-02-19T21:13:07","guid":{"rendered":"https:\/\/jundiai.sp.gov.br\/noticias\/?p=213015"},"modified":"2018-02-19T18:13:52","modified_gmt":"2018-02-19T21:13:52","slug":"populacao-aproveita-wi-fi-gratuito-em-praca-do-sao-camilo","status":"publish","type":"post","link":"https:\/\/jundiai.sp.gov.br\/noticias\/2018\/02\/19\/populacao-aproveita-wi-fi-gratuito-em-praca-do-sao-camilo\/","title":{"rendered":"Popula\u00e7\u00e3o aproveita wi-fi gratuito em pra\u00e7a do S\u00e3o Camilo"},"content":{"rendered":"<div id=\"attachment_213016\" style=\"width: 410px\" class=\"wp-caption alignleft\"><a href=\"https:\/\/jundiai.sp.gov.br\/noticias\/wp-content\/uploads\/sites\/32\/2018\/02\/praca_sao_camilo-226.jpg\"><img loading=\"lazy\" decoding=\"async\" aria-describedby=\"caption-attachment-213016\" class=\"size-full wp-image-213016\" src=\"https:\/\/jundiai.sp.gov.br\/noticias\/wp-content\/uploads\/sites\/32\/2018\/02\/praca_sao_camilo-226.jpg\" alt=\"\" width=\"400\" height=\"350\" \/><\/a><p id=\"caption-attachment-213016\" class=\"wp-caption-text\">Para Ronildo, o wifi gratuito \u00e9 tamb\u00e9m sin\u00f4nimo de liberdade<\/p><\/div>\n<p><strong>Ronildo Souza, de 30 anos, chegou a Jundia\u00ed h\u00e1 pouco menos de dois meses. Jardineiro e especialista em cria\u00e7\u00e3o e doma\u00e7\u00e3o de animais, o rapaz aproveita o Conect@do, rede de wifi gr\u00e1tis dispon\u00edvel na pra\u00e7a Valdemar Lopes, na divisa entre os jardins S\u00e3o Camilo e Tarum\u00e3, para procurar emprego e acessar seu e-mail. \u201cEstou sem plano de internet m\u00f3vel por conta do desemprego e aproveito para utilizar a rede. Me chamou a aten\u00e7\u00e3o a alta frequ\u00eancia dos meus vizinhos neste espa\u00e7o e descobri o porqu\u00ea\u201d, comenta Ronildo, natural de Minas Gerais.<\/strong><\/p>\n<p>A Valdemar Lopes \u00e9 a primeira pra\u00e7a em Jundia\u00ed com a rede de acesso gratuito disponibilizada pela Companhia de Inform\u00e1tica de Jundia\u00ed (Cijun). O lan\u00e7amento foi feito em 14 de dezembro do ano passado, em ocasi\u00e3o do anivers\u00e1rio de 362 de Jundia\u00ed e do lan\u00e7amento do projeto de revitaliza\u00e7\u00e3o de espa\u00e7os p\u00fablicos \u201cPra\u00e7a que Acolhe\u201d.<\/p>\n<p><strong>LEIA TAMB\u00c9M<\/strong><br \/>\n<a href=\"https:\/\/jundiai.sp.gov.br\/noticias\/2018\/02\/16\/prefeitura-busca-parceria-do-ministerio-da-cultura\/\">Prefeitura busca parceria do Minist\u00e9rio da Cultura<\/a><\/p>\n<p>A pra\u00e7a recebeu tamb\u00e9m outras melhorias. Com a remodelagem paisag\u00edstica e a recupera\u00e7\u00e3o da ilumina\u00e7\u00e3o e do passeio, o espa\u00e7o ganhou arquibancada para assento e lousas, a fim de servir de extens\u00e3o do ambiente educacional das escolas municipais Deodato Janski, Ruth Carturan e Reynaldo Basile e da escola estadual Jo\u00e3o Batista Curado, que ficam nas proximidades. Artistas do bairro tamb\u00e9m contribu\u00edram com interven\u00e7\u00f5es de grafitagem no entorno do espa\u00e7o.<\/p>\n<div id=\"attachment_213018\" style=\"width: 1250px\" class=\"wp-caption alignright\"><a href=\"https:\/\/jundiai.sp.gov.br\/noticias\/wp-content\/uploads\/sites\/32\/2018\/02\/praca_sao_camilo-53.jpg\"><img loading=\"lazy\" decoding=\"async\" aria-describedby=\"caption-attachment-213018\" class=\"size-full wp-image-213018\" src=\"https:\/\/jundiai.sp.gov.br\/noticias\/wp-content\/uploads\/sites\/32\/2018\/02\/praca_sao_camilo-53.jpg\" alt=\"\" width=\"1240\" height=\"827\" srcset=\"https:\/\/jundiai.sp.gov.br\/noticias\/wp-content\/uploads\/sites\/32\/2018\/02\/praca_sao_camilo-53.jpg 1240w, https:\/\/jundiai.sp.gov.br\/noticias\/wp-content\/uploads\/sites\/32\/2018\/02\/praca_sao_camilo-53-300x200.jpg 300w, https:\/\/jundiai.sp.gov.br\/noticias\/wp-content\/uploads\/sites\/32\/2018\/02\/praca_sao_camilo-53-768x512.jpg 768w, https:\/\/jundiai.sp.gov.br\/noticias\/wp-content\/uploads\/sites\/32\/2018\/02\/praca_sao_camilo-53-1160x774.jpg 1160w\" sizes=\"auto, (max-width: 1240px) 100vw, 1240px\" \/><\/a><p id=\"caption-attachment-213018\" class=\"wp-caption-text\">Alifer e Guilherme aproveitam os m\u00f3dulos de arquibancada para descanso e descontra\u00e7\u00e3o<\/p><\/div>\n<p>Na sa\u00edda da aula, Alifer Gon\u00e7alves, de 13 anos, e seu amigo Guilherme Monteiro, de 19 anos, aproveitam o que chamam de \u201cambiente bastante art\u00edstico\u201d. \u201cPassando aqui pela pra\u00e7a, o celular apitou no bolso. Eram as mensagens que entravam, depois que meu celular reconheceu a rede Conect@do, que eu j\u00e1 tinha usado nos terminais urbanos. Foi assim descomplicado\u201d.<\/p>\n<p>Os colegas do 8\u00ba ano da escola estadual tamb\u00e9m aproveitam o espa\u00e7o para brincar. Juan Souza, Kauan Silva e Victor Pereira, todos de 13 anos, deixam os celulares de lado para se divertir \u00e0 moda antiga. \u201cNosso ponto de encontro para bater papo \u00e9 esta arvore. Agora que a pra\u00e7a ficou melhor, \u00e9 mais gostoso frequent\u00e1-la\u201d, comemoram.<\/p>\n<p><strong><em>Assessoria de Imprensa<br \/>\nFotos: Fot\u00f3grafos PMJ<\/em><\/strong><\/p>\n","protected":false},"excerpt":{"rendered":"<p>Com remodelagem paisag\u00edstica e recupera\u00e7\u00e3o da ilumina\u00e7\u00e3o e do passeio, o espa\u00e7o ganhou arquibancada para assento e lousas<\/p>\n","protected":false},"author":30,"featured_media":213020,"comment_status":"closed","ping_status":"closed","sticky":false,"template":"","format":"standard","meta":{"footnotes":""},"categories":[2],"tags":[235,29],"ods":[],"class_list":["post-213015","post","type-post","status-publish","format-standard","has-post-thumbnail","hentry","category-noticias","tag-companhia-de-informatica-de-jundiai-cijun","tag-cultura"],"_links":{"self":[{"href":"https:\/\/jundiai.sp.gov.br\/noticias\/wp-json\/wp\/v2\/posts\/213015","targetHints":{"allow":["GET"]}}],"collection":[{"href":"https:\/\/jundiai.sp.gov.br\/noticias\/wp-json\/wp\/v2\/posts"}],"about":[{"href":"https:\/\/jundiai.sp.gov.br\/noticias\/wp-json\/wp\/v2\/types\/post"}],"author":[{"embeddable":true,"href":"https:\/\/jundiai.sp.gov.br\/noticias\/wp-json\/wp\/v2\/users\/30"}],"replies":[{"embeddable":true,"href":"https:\/\/jundiai.sp.gov.br\/noticias\/wp-json\/wp\/v2\/comments?post=213015"}],"version-history":[{"count":6,"href":"https:\/\/jundiai.sp.gov.br\/noticias\/wp-json\/wp\/v2\/posts\/213015\/revisions"}],"predecessor-version":[{"id":213024,"href":"https:\/\/jundiai.sp.gov.br\/noticias\/wp-json\/wp\/v2\/posts\/213015\/revisions\/213024"}],"wp:featuredmedia":[{"embeddable":true,"href":"https:\/\/jundiai.sp.gov.br\/noticias\/wp-json\/wp\/v2\/media\/213020"}],"wp:attachment":[{"href":"https:\/\/jundiai.sp.gov.br\/noticias\/wp-json\/wp\/v2\/media?parent=213015"}],"wp:term":[{"taxonomy":"category","embeddable":true,"href":"https:\/\/jundiai.sp.gov.br\/noticias\/wp-json\/wp\/v2\/categories?post=213015"},{"taxonomy":"post_tag","embeddable":true,"href":"https:\/\/jundiai.sp.gov.br\/noticias\/wp-json\/wp\/v2\/tags?post=213015"},{"taxonomy":"ods","embeddable":true,"href":"https:\/\/jundiai.sp.gov.br\/noticias\/wp-json\/wp\/v2\/ods?post=213015"}],"curies":[{"name":"wp","href":"https:\/\/api.w.org\/{rel}","templated":true}]}}