{"id":213427,"date":"2018-02-27T18:54:39","date_gmt":"2018-02-27T21:54:39","guid":{"rendered":"https:\/\/jundiai.sp.gov.br\/noticias\/?p=213427"},"modified":"2018-02-27T18:54:39","modified_gmt":"2018-02-27T21:54:39","slug":"campeoes-dos-jori-time-jundiai-e-homenageado-na-camara","status":"publish","type":"post","link":"https:\/\/jundiai.sp.gov.br\/noticias\/2018\/02\/27\/campeoes-dos-jori-time-jundiai-e-homenageado-na-camara\/","title":{"rendered":"Campe\u00f5es dos JORI: TIME Jundia\u00ed \u00e9 homenageado na C\u00e2mara"},"content":{"rendered":"<p><div id=\"attachment_213429\" style=\"width: 410px\" class=\"wp-caption alignleft\"><a href=\"https:\/\/jundiai.sp.gov.br\/noticias\/wp-content\/uploads\/sites\/32\/2018\/02\/camara_diploma_jori-399.jpg\"><img loading=\"lazy\" decoding=\"async\" aria-describedby=\"caption-attachment-213429\" class=\"size-full wp-image-213429\" src=\"https:\/\/jundiai.sp.gov.br\/noticias\/wp-content\/uploads\/sites\/32\/2018\/02\/camara_diploma_jori-399.jpg\" alt=\"\" width=\"400\" height=\"350\" \/><\/a><p id=\"caption-attachment-213429\" class=\"wp-caption-text\">Homenagem n\u00e3o tira o foco do trabalho direcionado \u00e0 etapa estadual do JORI<\/p><\/div><strong>Os atletas do TIME Jundia\u00ed, da Unidade de Gest\u00e3o de Esporte e Lazer (UGEL), que conquistaram o primeiro lugar na etapa regional dos Jogos Regionais do Idoso (Jori), em Itapeva (entre 31 de janeiro e 03 de fevereiro), foram homenageados na C\u00e2mara Municipal, nesta ter\u00e7a-feira (27). Focados na pr\u00f3xima disputa, a etapa estadual, que ser\u00e1 iniciada no dia 25 de mar\u00e7o, na cidade de Praia Grande, os idosos buscam melhorar o desempenho para encarar os melhores do Estado de S\u00e3o Paulo.<\/strong><\/p>\n<p>Segundo o gestor da UGEL, Luiz Trientini, os objetivos determinados para a unidade est\u00e3o sendo conquistados. \u201cA premissa da UGEL \u00e9 oportunizar o esporte para todos como forma de desenvolvimento humano de de qualidade de vida. A\u00a0 vit\u00f3ria nos Jori pelos nossos atletas mostra que o trabalho realizado desde o ano passado, com a cria\u00e7\u00e3o dos Jogos +60, j\u00e1 traz resultados\u201d, comenta.<\/p>\n<p><strong>LEIA TAMB\u00c9M<\/strong><br \/>\n<a href=\"https:\/\/jundiai.sp.gov.br\/noticias\/2018\/02\/23\/programa-atletas-do-futuro-amplia-em-43-numero-de-vagas-em-jundiai\/\">Programa Atletas do Futuro amplia em 43% n\u00famero de vagas em Jundia\u00ed<\/a><\/p>\n<p>As homenagens foram ofertadas pelos vereadores Gustavo Martinelli, Faouaz Taha e Rafael Antonucci, que entregaram os diplomas para os idosos. \u201cVoc\u00eas s\u00e3o exemplos para a minha gera\u00e7\u00e3o e para as pr\u00f3ximas\u201d, comentou o presidente da Casa de Leis.<\/p>\n<p><strong>Treinamentos<\/strong><br \/>\nA etapa estadual, que ser\u00e1 realizada na cidade de Praia Grande, a partir do dia 25 de mar\u00e7o, contar\u00e1 com 44 atletas de Jundia\u00ed.\u00a0Luiz Antonio Leme, 62 anos, capit\u00e3o do time de v\u00f4lei adaptado do TIME Jundia\u00ed, se prepara junto com os demais integrantes da equipe para encarar desafios. \u201cConseguimos vencer as barreiras em Itapeva. Agora, na Praia Grande, disputaremos com os melhores de todo o estado. Ser\u00e1 uma pedreira. Estamos treinando e focando nas estrat\u00e9gias para superar os advers\u00e1rios\u201d, comenta.<\/p>\n<p>A educadora e coordenadora da modalidade, Andr\u00e9a Censi, aproveita os resultados com os olhos direcionados para o pr\u00f3ximo ano. \u201cA inten\u00e7\u00e3o \u00e9 em 2018 estar com as quatro equipes na final. Vamos batalhar para isso\u201d, comenta.<\/p>\n<p><em><strong>Assessoria de Imprensa<br \/>\n<\/strong><\/em><em><strong>Foto: Fot\u00f3grafos PMJ<\/strong><\/em><\/p>\n","protected":false},"excerpt":{"rendered":"<p>Os atletas do TIME Jundia\u00ed, da Unidade de Gest\u00e3o de Esporte e Lazer (UGEL), que conquistaram o primeiro lugar na etapa regional dos Jogos Regionais do Idoso (Jori), em Itapeva (entre 31 de janeiro e 03 de fevereiro), foram homenageados na C\u00e2mara Municipal, nesta ter\u00e7a-feira (27). Focados na pr\u00f3xima disputa, a etapa estadual, que ser\u00e1 [&hellip;]<\/p>\n","protected":false},"author":30,"featured_media":0,"comment_status":"closed","ping_status":"closed","sticky":false,"template":"","format":"standard","meta":{"footnotes":""},"categories":[2],"tags":[181],"ods":[],"class_list":["post-213427","post","type-post","status-publish","format-standard","hentry","category-noticias","tag-jogos-regionais-do-idoso-jori"],"_links":{"self":[{"href":"https:\/\/jundiai.sp.gov.br\/noticias\/wp-json\/wp\/v2\/posts\/213427","targetHints":{"allow":["GET"]}}],"collection":[{"href":"https:\/\/jundiai.sp.gov.br\/noticias\/wp-json\/wp\/v2\/posts"}],"about":[{"href":"https:\/\/jundiai.sp.gov.br\/noticias\/wp-json\/wp\/v2\/types\/post"}],"author":[{"embeddable":true,"href":"https:\/\/jundiai.sp.gov.br\/noticias\/wp-json\/wp\/v2\/users\/30"}],"replies":[{"embeddable":true,"href":"https:\/\/jundiai.sp.gov.br\/noticias\/wp-json\/wp\/v2\/comments?post=213427"}],"version-history":[{"count":4,"href":"https:\/\/jundiai.sp.gov.br\/noticias\/wp-json\/wp\/v2\/posts\/213427\/revisions"}],"predecessor-version":[{"id":213432,"href":"https:\/\/jundiai.sp.gov.br\/noticias\/wp-json\/wp\/v2\/posts\/213427\/revisions\/213432"}],"wp:attachment":[{"href":"https:\/\/jundiai.sp.gov.br\/noticias\/wp-json\/wp\/v2\/media?parent=213427"}],"wp:term":[{"taxonomy":"category","embeddable":true,"href":"https:\/\/jundiai.sp.gov.br\/noticias\/wp-json\/wp\/v2\/categories?post=213427"},{"taxonomy":"post_tag","embeddable":true,"href":"https:\/\/jundiai.sp.gov.br\/noticias\/wp-json\/wp\/v2\/tags?post=213427"},{"taxonomy":"ods","embeddable":true,"href":"https:\/\/jundiai.sp.gov.br\/noticias\/wp-json\/wp\/v2\/ods?post=213427"}],"curies":[{"name":"wp","href":"https:\/\/api.w.org\/{rel}","templated":true}]}}