{"id":213595,"date":"2018-03-02T17:42:34","date_gmt":"2018-03-02T20:42:34","guid":{"rendered":"https:\/\/jundiai.sp.gov.br\/noticias\/?p=213595"},"modified":"2018-03-02T17:43:06","modified_gmt":"2018-03-02T20:43:06","slug":"projeto-prefeito-por-um-dia-e-apresentado-no-complexo-argos","status":"publish","type":"post","link":"https:\/\/jundiai.sp.gov.br\/noticias\/2018\/03\/02\/projeto-prefeito-por-um-dia-e-apresentado-no-complexo-argos\/","title":{"rendered":"Projeto \u201cPrefeito por um dia\u201d \u00e9 apresentado no Complexo Argos"},"content":{"rendered":"<div id=\"attachment_213596\" style=\"width: 410px\" class=\"wp-caption alignright\"><a href=\"https:\/\/jundiai.sp.gov.br\/noticias\/wp-content\/uploads\/sites\/32\/2018\/03\/uge-2.jpg\"><img loading=\"lazy\" decoding=\"async\" aria-describedby=\"caption-attachment-213596\" class=\"size-full wp-image-213596\" src=\"https:\/\/jundiai.sp.gov.br\/noticias\/wp-content\/uploads\/sites\/32\/2018\/03\/uge-2.jpg\" alt=\"\" width=\"400\" height=\"350\" \/><\/a><p id=\"caption-attachment-213596\" class=\"wp-caption-text\">Projeto \u00e9 resultado de parceria entre a Prefeitura de Jundia\u00ed e Cidade em Jogo<\/p><\/div>\n<p><strong>Representantes da Unidade de Gest\u00e3o de Educa\u00e7\u00e3o (UGE) e de escolas privadas participaram, nesta sexta-feira (02), da apresenta\u00e7\u00e3o do projeto \u201cPrefeito por um dia\u201d, desenvolvido em parceria pela Prefeitura de Jundia\u00ed e pela equipe do Cidade em Jogo. A atividade ocorreu no Centro de Capacita\u00e7\u00e3o, no Complexo Argos.<\/strong><\/p>\n<p>A iniciativa visa envolver jovens estudantes em atividades que sejam voltadas para pensar a melhoria da cidade em que moram. O ponto de partida para o projeto \u00e9 um jogo online e gratuito, desenvolvido pela Funda\u00e7\u00e3o Brava, com o Woodrow Wilson Center, onde o aluno se coloca no lugar do prefeito e consegue escolher quais pol\u00edticas p\u00fablicas gostaria de implementar em sua gest\u00e3o. Ap\u00f3s uma banca avaliar as ideias, a melhor ser\u00e1 apresentada ao prefeito Luiz Fernando Machado e os ganhadores ter\u00e3o a oportunidade de acompanhar o chefe do Executivo em um dia de trabalho.<\/p>\n<p><strong>LEIA TAMB\u00c9M<\/strong><br \/>\n<a href=\"https:\/\/jundiai.sp.gov.br\/noticias\/2018\/02\/26\/tecnicos-alemaes-conhecem-projeto-da-emeb-deodato-janski\/\">T\u00e9cnicos alem\u00e3es conhecem projeto da Emeb Deodato Janski<\/a><\/p>\n<p>Em Jundia\u00ed, as escolas estaduais Professora Deolinda Copelli de Souza, Dom Joaquim Carreira e Professora Maria de Almeida Schledorn iniciaram, nesta semana, a participa\u00e7\u00e3o no projeto com os estudantes do primeiro ano do Ensino M\u00e9dio. Do Sistema Municipal de Educa\u00e7\u00e3o deve participar, neste momento, a EMEB Jos\u00e9 Romeiro do Prado.<\/p>\n<p>\u201cO objetivo \u00e9 expandir para escolas privadas e fazer uma adapta\u00e7\u00e3o para os alunos do Ensino Fundamental da rede municipal. Ao ofertar essa ferramenta, queremos levar o jovem a refletir sobre os problemas do munic\u00edpio e entender como funciona a gest\u00e3o. Com isso, ele tamb\u00e9m compreender\u00e1 o seu papel como cidad\u00e3o. Hoje, o Cidade em Jogo j\u00e1 foi acessado por mais de nove mil pessoas\u201d, comenta a gerente de projeto da Bravo, Ana Dal Fabbro.<\/p>\n<p><strong>Experi\u00eancia<\/strong><br \/>\nA diretora do Ensino Fundamental da Unidade de Gest\u00e3o de Educa\u00e7\u00e3o, Ana Paula Freguglia, avalia como positiva a iniciativa e ressalta que ser\u00e1 um projeto piloto, com perspectiva de expans\u00e3o. \u201c\u00c9 um jogo que favorece o desenvolvimento de quest\u00f5es \u00e9ticas, da responsabilidade com a gest\u00e3o p\u00fablica e que permite ao aluno compreender as consequ\u00eancias das decis\u00f5es e que, como cidad\u00e3os, todos n\u00f3s somos respons\u00e1veis pela gest\u00e3o dos espa\u00e7os p\u00fablicos. \u00c9 uma iniciativa bastante interessante\u201d, frisou.<\/p>\n<p>A previs\u00e3o \u00e9 que, em maio, a equipe ganhadora seja conhecida.<\/p>\n<p><em><strong>Assessoria de Imprensa<\/strong><\/em><br \/>\n<em><strong>Foto: Divulga\u00e7\u00e3o\u00a0<\/strong><\/em><\/p>\n","protected":false},"excerpt":{"rendered":"<p>Representantes da Unidade de Gest\u00e3o de Educa\u00e7\u00e3o (UGE) e de escolas privadas participaram, nesta sexta-feira (02), da apresenta\u00e7\u00e3o do projeto \u201cPrefeito por um dia\u201d, desenvolvido em parceria pela Prefeitura de Jundia\u00ed e pela equipe do Cidade em Jogo. A atividade ocorreu no Centro de Capacita\u00e7\u00e3o, no Complexo Argos. A iniciativa visa envolver jovens estudantes em [&hellip;]<\/p>\n","protected":false},"author":30,"featured_media":0,"comment_status":"closed","ping_status":"closed","sticky":false,"template":"","format":"standard","meta":{"footnotes":""},"categories":[2],"tags":[6],"ods":[],"class_list":["post-213595","post","type-post","status-publish","format-standard","hentry","category-noticias","tag-educacao"],"_links":{"self":[{"href":"https:\/\/jundiai.sp.gov.br\/noticias\/wp-json\/wp\/v2\/posts\/213595","targetHints":{"allow":["GET"]}}],"collection":[{"href":"https:\/\/jundiai.sp.gov.br\/noticias\/wp-json\/wp\/v2\/posts"}],"about":[{"href":"https:\/\/jundiai.sp.gov.br\/noticias\/wp-json\/wp\/v2\/types\/post"}],"author":[{"embeddable":true,"href":"https:\/\/jundiai.sp.gov.br\/noticias\/wp-json\/wp\/v2\/users\/30"}],"replies":[{"embeddable":true,"href":"https:\/\/jundiai.sp.gov.br\/noticias\/wp-json\/wp\/v2\/comments?post=213595"}],"version-history":[{"count":4,"href":"https:\/\/jundiai.sp.gov.br\/noticias\/wp-json\/wp\/v2\/posts\/213595\/revisions"}],"predecessor-version":[{"id":213600,"href":"https:\/\/jundiai.sp.gov.br\/noticias\/wp-json\/wp\/v2\/posts\/213595\/revisions\/213600"}],"wp:attachment":[{"href":"https:\/\/jundiai.sp.gov.br\/noticias\/wp-json\/wp\/v2\/media?parent=213595"}],"wp:term":[{"taxonomy":"category","embeddable":true,"href":"https:\/\/jundiai.sp.gov.br\/noticias\/wp-json\/wp\/v2\/categories?post=213595"},{"taxonomy":"post_tag","embeddable":true,"href":"https:\/\/jundiai.sp.gov.br\/noticias\/wp-json\/wp\/v2\/tags?post=213595"},{"taxonomy":"ods","embeddable":true,"href":"https:\/\/jundiai.sp.gov.br\/noticias\/wp-json\/wp\/v2\/ods?post=213595"}],"curies":[{"name":"wp","href":"https:\/\/api.w.org\/{rel}","templated":true}]}}